{"id":8713,"date":"2013-09-04T15:03:30","date_gmt":"2013-09-04T13:03:30","guid":{"rendered":"https:\/\/www.printweb.de\/digitaldruck\/?p=8713"},"modified":"2013-09-04T15:03:30","modified_gmt":"2013-09-04T13:03:30","slug":"praktische-taschenfolder-robust-und-langlebig","status":"publish","type":"post","link":"https:\/\/www.printweb.de\/digitaldruck\/praktische-taschenfolder-robust-und-langlebig\/8713\/","title":{"rendered":"Praktische Taschenfolder, robust und ..."},"content":{"rendered":"<p>Im geschlossenen Format so gro\u00df wie eine Visitenkarte \u00fcberzeugen diese kleinen Folder durch Details, die das Leben in Brieftaschen und Geldb\u00f6rsen entscheidend verl\u00e4ngern k\u00f6nnen. Nach einer beidseitigen Mattcellophanierung wurden die Ecken sorgf\u00e4ltig gerundet damit beim schnellen einstecken nicht gleich unsch\u00f6ne Knickstellen entstehen. Trotz der Cellophanierung schlie\u00dfen die Folder ordentlich &#8211; hier stimmt die Laufrichtung des Papiers und eine sorgf\u00e4ltige Weiterverarbeitung k\u00fcmmert sich um den Rest ;-).<\/p>\n<p>&nbsp;<\/p>\n<p><a href=\"https:\/\/www.printweb.de\/digitaldruck\/wp-content\/uploads\/2013\/09\/242-Flyer-1996-1.jpg\"><img decoding=\"async\" class=\"aligncenter size-thumbnail wp-image-8715\" alt=\"242-Flyer-1996--1\" src=\"https:\/\/www.printweb.de\/digitaldruck\/wp-content\/uploads\/2013\/09\/242-Flyer-1996-1-765x523.jpg\" width=\"639\" height=\"437\" srcset=\"https:\/\/www.printweb.de\/digitaldruck\/wp-content\/uploads\/2013\/09\/242-Flyer-1996-1-765x523.jpg 765w, https:\/\/www.printweb.de\/digitaldruck\/wp-content\/uploads\/2013\/09\/242-Flyer-1996-1-768x525.jpg 768w, https:\/\/www.printweb.de\/digitaldruck\/wp-content\/uploads\/2013\/09\/242-Flyer-1996-1-717x490.jpg 717w, https:\/\/www.printweb.de\/digitaldruck\/wp-content\/uploads\/2013\/09\/242-Flyer-1996-1.jpg 1818w\" sizes=\"(max-width: 639px) 100vw, 639px\" \/><\/a><\/p>\n<p>&nbsp;<\/p>\n<p><a href=\"https:\/\/www.printweb.de\/digitaldruck\/wp-content\/uploads\/2013\/09\/242-Flyer-2000-1.jpg\"><img decoding=\"async\" class=\"aligncenter size-thumbnail wp-image-8714\" alt=\"242-Flyer-2000--1\" src=\"https:\/\/www.printweb.de\/digitaldruck\/wp-content\/uploads\/2013\/09\/242-Flyer-2000-1-765x454.jpg\" width=\"683\" height=\"405\" srcset=\"https:\/\/www.printweb.de\/digitaldruck\/wp-content\/uploads\/2013\/09\/242-Flyer-2000-1-765x454.jpg 765w, https:\/\/www.printweb.de\/digitaldruck\/wp-content\/uploads\/2013\/09\/242-Flyer-2000-1-768x456.jpg 768w, https:\/\/www.printweb.de\/digitaldruck\/wp-content\/uploads\/2013\/09\/242-Flyer-2000-1.jpg 1938w\" sizes=\"(max-width: 683px) 100vw, 683px\" \/><\/a><\/p>\n<p style=\"text-align: center;\"><em>Klick auf&#8217;s Bild f\u00fcr eine h\u00f6here Aufl\u00f6sung.<br \/>\n<\/em><\/p>\n<p style=\"margin-top: 15px; margin-bottom: -5px;\"><a href=\"http:\/\/www.facebook.com\/printweb.de\" target=\"_blank\" class=\"broken_link\"><img decoding=\"async\" title=\"Die Colour Connection auf Facebook\" alt=\"printweb.de auf Facebook\" src=\"https:\/\/www.printweb.de\/digitaldruck\/wp-content\/uploads\/fb-postlogo.png\" \/><\/a> <a href=\"http:\/\/www.twitter.com\/digitaldruck\" target=\"_blank\" class=\"broken_link\"><img decoding=\"async\" title=\"Die Colour Connection auf Twitter\" alt=\"printweb.de auf Twitter\" src=\"https:\/\/www.printweb.de\/digitaldruck\/wp-content\/uploads\/twitter-postlogo.png\" \/> <\/a><\/p>\n","protected":false},"excerpt":{"rendered":"Im geschlossenen Format so gro\u00df wie eine Visitenkarte \u00fcberzeugen diese kleinen Folder durch Details, die das Leben in &#8230; <br><br><a class=\"readmore\" href=\"https:\/\/www.printweb.de\/digitaldruck\/praktische-taschenfolder-robust-und-langlebig\/8713\/\">mehr<\/a>","protected":false},"author":2,"featured_media":8715,"comment_status":"open","ping_status":"open","sticky":false,"template":"","format":"standard","meta":{"_acf_changed":false,"footnotes":""},"categories":[1,31,18],"tags":[],"class_list":["post-8713","post","type-post","status-publish","format-standard","has-post-thumbnail","hentry","category-alle-beitraege","category-weiterverarbeitung","category-flyer-und-karten"],"acf":[],"yoast_head":"<!-- This site is optimized with the Yoast SEO plugin v23.1 - https:\/\/yoast.com\/wordpress\/plugins\/seo\/ -->\n<title>Praktische Taschenfolder, robust und langlebig | Was Print bewirken kann.<\/title>\n<meta name=\"robots\" content=\"index, follow, max-snippet:-1, max-image-preview:large, max-video-preview:-1\" \/>\n<link rel=\"canonical\" href=\"https:\/\/www.printweb.de\/digitaldruck\/praktische-taschenfolder-robust-und-langlebig\/8713\/\" \/>\n<meta property=\"og:locale\" content=\"de_DE\" \/>\n<meta property=\"og:type\" content=\"article\" \/>\n<meta property=\"og:title\" content=\"Praktische Taschenfolder, robust und langlebig | Was Print bewirken kann.\" \/>\n<meta property=\"og:description\" content=\"Im geschlossenen Format so gro\u00df wie eine Visitenkarte \u00fcberzeugen diese kleinen Folder durch Details, die das Leben in ... mehr\" \/>\n<meta property=\"og:url\" content=\"https:\/\/www.printweb.de\/digitaldruck\/praktische-taschenfolder-robust-und-langlebig\/8713\/\" \/>\n<meta property=\"og:site_name\" content=\"Was Print bewirken kann.\" \/>\n<meta property=\"article:publisher\" content=\"https:\/\/www.facebook.com\/printweb.de\/\" \/>\n<meta property=\"article:published_time\" content=\"2013-09-04T13:03:30+00:00\" \/>\n<meta property=\"og:image\" content=\"https:\/\/www.printweb.de\/digitaldruck\/wp-content\/uploads\/2013\/09\/242-Flyer-1996-1.jpg\" \/>\n\t<meta property=\"og:image:width\" content=\"1818\" \/>\n\t<meta property=\"og:image:height\" content=\"1242\" \/>\n\t<meta property=\"og:image:type\" content=\"image\/jpeg\" \/>\n<meta name=\"author\" content=\"Ralph Hadem\" \/>\n<meta name=\"twitter:card\" content=\"summary_large_image\" \/>\n<meta name=\"twitter:creator\" content=\"@digitaldruck\" \/>\n<meta name=\"twitter:site\" content=\"@digitaldruck\" \/>\n<meta name=\"twitter:label1\" content=\"Verfasst von\" \/>\n\t<meta name=\"twitter:data1\" content=\"Ralph Hadem\" \/>\n<script type=\"application\/ld+json\" class=\"yoast-schema-graph\">{\"@context\":\"https:\/\/schema.org\",\"@graph\":[{\"@type\":\"Article\",\"@id\":\"https:\/\/www.printweb.de\/digitaldruck\/praktische-taschenfolder-robust-und-langlebig\/8713\/#article\",\"isPartOf\":{\"@id\":\"https:\/\/www.printweb.de\/digitaldruck\/praktische-taschenfolder-robust-und-langlebig\/8713\/\"},\"author\":{\"name\":\"Ralph Hadem\",\"@id\":\"https:\/\/www.printweb.de\/digitaldruck\/#\/schema\/person\/0e0308818185589fb8602180e9273195\"},\"headline\":\"Praktische Taschenfolder, robust und ...\",\"datePublished\":\"2013-09-04T13:03:30+00:00\",\"dateModified\":\"2013-09-04T13:03:30+00:00\",\"mainEntityOfPage\":{\"@id\":\"https:\/\/www.printweb.de\/digitaldruck\/praktische-taschenfolder-robust-und-langlebig\/8713\/\"},\"wordCount\":92,\"commentCount\":0,\"publisher\":{\"@id\":\"https:\/\/www.printweb.de\/digitaldruck\/#organization\"},\"image\":{\"@id\":\"https:\/\/www.printweb.de\/digitaldruck\/praktische-taschenfolder-robust-und-langlebig\/8713\/#primaryimage\"},\"thumbnailUrl\":\"https:\/\/www.printweb.de\/digitaldruck\/wp-content\/uploads\/2013\/09\/242-Flyer-1996-1.jpg\",\"articleSection\":[\"Digitaldruck+Veredlung\",\"Weiterverarbeitung\",\"Flyer, Folder und Karten\"],\"inLanguage\":\"de-DE\",\"potentialAction\":[{\"@type\":\"CommentAction\",\"name\":\"Comment\",\"target\":[\"https:\/\/www.printweb.de\/digitaldruck\/praktische-taschenfolder-robust-und-langlebig\/8713\/#respond\"]}]},{\"@type\":\"WebPage\",\"@id\":\"https:\/\/www.printweb.de\/digitaldruck\/praktische-taschenfolder-robust-und-langlebig\/8713\/\",\"url\":\"https:\/\/www.printweb.de\/digitaldruck\/praktische-taschenfolder-robust-und-langlebig\/8713\/\",\"name\":\"Praktische Taschenfolder, robust und langlebig | Was Print bewirken kann.\",\"isPartOf\":{\"@id\":\"https:\/\/www.printweb.de\/digitaldruck\/#website\"},\"primaryImageOfPage\":{\"@id\":\"https:\/\/www.printweb.de\/digitaldruck\/praktische-taschenfolder-robust-und-langlebig\/8713\/#primaryimage\"},\"image\":{\"@id\":\"https:\/\/www.printweb.de\/digitaldruck\/praktische-taschenfolder-robust-und-langlebig\/8713\/#primaryimage\"},\"thumbnailUrl\":\"https:\/\/www.printweb.de\/digitaldruck\/wp-content\/uploads\/2013\/09\/242-Flyer-1996-1.jpg\",\"datePublished\":\"2013-09-04T13:03:30+00:00\",\"dateModified\":\"2013-09-04T13:03:30+00:00\",\"inLanguage\":\"de-DE\",\"potentialAction\":[{\"@type\":\"ReadAction\",\"target\":[\"https:\/\/www.printweb.de\/digitaldruck\/praktische-taschenfolder-robust-und-langlebig\/8713\/\"]}]},{\"@type\":\"ImageObject\",\"inLanguage\":\"de-DE\",\"@id\":\"https:\/\/www.printweb.de\/digitaldruck\/praktische-taschenfolder-robust-und-langlebig\/8713\/#primaryimage\",\"url\":\"https:\/\/www.printweb.de\/digitaldruck\/wp-content\/uploads\/2013\/09\/242-Flyer-1996-1.jpg\",\"contentUrl\":\"https:\/\/www.printweb.de\/digitaldruck\/wp-content\/uploads\/2013\/09\/242-Flyer-1996-1.jpg\",\"width\":1818,\"height\":1242},{\"@type\":\"WebSite\",\"@id\":\"https:\/\/www.printweb.de\/digitaldruck\/#website\",\"url\":\"https:\/\/www.printweb.de\/digitaldruck\/\",\"name\":\"Was Print bewirken kann.\",\"description\":\"Was Print bewirken kann \u2013 1700 Ideen.\",\"publisher\":{\"@id\":\"https:\/\/www.printweb.de\/digitaldruck\/#organization\"},\"potentialAction\":[{\"@type\":\"SearchAction\",\"target\":{\"@type\":\"EntryPoint\",\"urlTemplate\":\"https:\/\/www.printweb.de\/digitaldruck\/?s={search_term_string}\"},\"query-input\":\"required name=search_term_string\"}],\"inLanguage\":\"de-DE\"},{\"@type\":\"Organization\",\"@id\":\"https:\/\/www.printweb.de\/digitaldruck\/#organization\",\"name\":\"Colour Connection GmbH, printweb.de, Frankfurt am Main\",\"url\":\"https:\/\/www.printweb.de\/digitaldruck\/\",\"logo\":{\"@type\":\"ImageObject\",\"inLanguage\":\"de-DE\",\"@id\":\"https:\/\/www.printweb.de\/digitaldruck\/#\/schema\/logo\/image\/\",\"url\":\"https:\/\/www.printweb.de\/digitaldruck\/wp-content\/uploads\/2019\/11\/colour-connectio-printweb-logo.jpg\",\"contentUrl\":\"https:\/\/www.printweb.de\/digitaldruck\/wp-content\/uploads\/2019\/11\/colour-connectio-printweb-logo.jpg\",\"width\":1014,\"height\":229,\"caption\":\"Colour Connection GmbH, printweb.de, Frankfurt am Main\"},\"image\":{\"@id\":\"https:\/\/www.printweb.de\/digitaldruck\/#\/schema\/logo\/image\/\"},\"sameAs\":[\"https:\/\/www.facebook.com\/printweb.de\/\",\"https:\/\/x.com\/digitaldruck\",\"https:\/\/www.instagram.com\/printweb.de\/\",\"https:\/\/www.youtube.com\/user\/Digitaldruckerei\"]},{\"@type\":\"Person\",\"@id\":\"https:\/\/www.printweb.de\/digitaldruck\/#\/schema\/person\/0e0308818185589fb8602180e9273195\",\"name\":\"Ralph Hadem\",\"image\":{\"@type\":\"ImageObject\",\"inLanguage\":\"de-DE\",\"@id\":\"https:\/\/www.printweb.de\/digitaldruck\/#\/schema\/person\/image\/\",\"url\":\"https:\/\/secure.gravatar.com\/avatar\/386b1b183dce310c5ac8a8f475fdecd8?s=96&d=blank&r=g\",\"contentUrl\":\"https:\/\/secure.gravatar.com\/avatar\/386b1b183dce310c5ac8a8f475fdecd8?s=96&d=blank&r=g\",\"caption\":\"Ralph Hadem\"},\"sameAs\":[\"https:\/\/www.printweb.de\"],\"url\":\"https:\/\/www.printweb.de\/digitaldruck\/author\/ralphhadem\/\"}]}<\/script>\n<!-- \/ Yoast SEO plugin. -->","yoast_head_json":{"title":"Praktische Taschenfolder, robust und langlebig | Was Print bewirken kann.","robots":{"index":"index","follow":"follow","max-snippet":"max-snippet:-1","max-image-preview":"max-image-preview:large","max-video-preview":"max-video-preview:-1"},"canonical":"https:\/\/www.printweb.de\/digitaldruck\/praktische-taschenfolder-robust-und-langlebig\/8713\/","og_locale":"de_DE","og_type":"article","og_title":"Praktische Taschenfolder, robust und langlebig | Was Print bewirken kann.","og_description":"Im geschlossenen Format so gro\u00df wie eine Visitenkarte \u00fcberzeugen diese kleinen Folder durch Details, die das Leben in ... mehr","og_url":"https:\/\/www.printweb.de\/digitaldruck\/praktische-taschenfolder-robust-und-langlebig\/8713\/","og_site_name":"Was Print bewirken kann.","article_publisher":"https:\/\/www.facebook.com\/printweb.de\/","article_published_time":"2013-09-04T13:03:30+00:00","og_image":[{"width":1818,"height":1242,"url":"https:\/\/www.printweb.de\/digitaldruck\/wp-content\/uploads\/2013\/09\/242-Flyer-1996-1.jpg","type":"image\/jpeg"}],"author":"Ralph Hadem","twitter_card":"summary_large_image","twitter_creator":"@digitaldruck","twitter_site":"@digitaldruck","twitter_misc":{"Verfasst von":"Ralph Hadem"},"schema":{"@context":"https:\/\/schema.org","@graph":[{"@type":"Article","@id":"https:\/\/www.printweb.de\/digitaldruck\/praktische-taschenfolder-robust-und-langlebig\/8713\/#article","isPartOf":{"@id":"https:\/\/www.printweb.de\/digitaldruck\/praktische-taschenfolder-robust-und-langlebig\/8713\/"},"author":{"name":"Ralph Hadem","@id":"https:\/\/www.printweb.de\/digitaldruck\/#\/schema\/person\/0e0308818185589fb8602180e9273195"},"headline":"Praktische Taschenfolder, robust und ...","datePublished":"2013-09-04T13:03:30+00:00","dateModified":"2013-09-04T13:03:30+00:00","mainEntityOfPage":{"@id":"https:\/\/www.printweb.de\/digitaldruck\/praktische-taschenfolder-robust-und-langlebig\/8713\/"},"wordCount":92,"commentCount":0,"publisher":{"@id":"https:\/\/www.printweb.de\/digitaldruck\/#organization"},"image":{"@id":"https:\/\/www.printweb.de\/digitaldruck\/praktische-taschenfolder-robust-und-langlebig\/8713\/#primaryimage"},"thumbnailUrl":"https:\/\/www.printweb.de\/digitaldruck\/wp-content\/uploads\/2013\/09\/242-Flyer-1996-1.jpg","articleSection":["Digitaldruck+Veredlung","Weiterverarbeitung","Flyer, Folder und Karten"],"inLanguage":"de-DE","potentialAction":[{"@type":"CommentAction","name":"Comment","target":["https:\/\/www.printweb.de\/digitaldruck\/praktische-taschenfolder-robust-und-langlebig\/8713\/#respond"]}]},{"@type":"WebPage","@id":"https:\/\/www.printweb.de\/digitaldruck\/praktische-taschenfolder-robust-und-langlebig\/8713\/","url":"https:\/\/www.printweb.de\/digitaldruck\/praktische-taschenfolder-robust-und-langlebig\/8713\/","name":"Praktische Taschenfolder, robust und langlebig | Was Print bewirken kann.","isPartOf":{"@id":"https:\/\/www.printweb.de\/digitaldruck\/#website"},"primaryImageOfPage":{"@id":"https:\/\/www.printweb.de\/digitaldruck\/praktische-taschenfolder-robust-und-langlebig\/8713\/#primaryimage"},"image":{"@id":"https:\/\/www.printweb.de\/digitaldruck\/praktische-taschenfolder-robust-und-langlebig\/8713\/#primaryimage"},"thumbnailUrl":"https:\/\/www.printweb.de\/digitaldruck\/wp-content\/uploads\/2013\/09\/242-Flyer-1996-1.jpg","datePublished":"2013-09-04T13:03:30+00:00","dateModified":"2013-09-04T13:03:30+00:00","inLanguage":"de-DE","potentialAction":[{"@type":"ReadAction","target":["https:\/\/www.printweb.de\/digitaldruck\/praktische-taschenfolder-robust-und-langlebig\/8713\/"]}]},{"@type":"ImageObject","inLanguage":"de-DE","@id":"https:\/\/www.printweb.de\/digitaldruck\/praktische-taschenfolder-robust-und-langlebig\/8713\/#primaryimage","url":"https:\/\/www.printweb.de\/digitaldruck\/wp-content\/uploads\/2013\/09\/242-Flyer-1996-1.jpg","contentUrl":"https:\/\/www.printweb.de\/digitaldruck\/wp-content\/uploads\/2013\/09\/242-Flyer-1996-1.jpg","width":1818,"height":1242},{"@type":"WebSite","@id":"https:\/\/www.printweb.de\/digitaldruck\/#website","url":"https:\/\/www.printweb.de\/digitaldruck\/","name":"Was Print bewirken kann.","description":"Was Print bewirken kann \u2013 1700 Ideen.","publisher":{"@id":"https:\/\/www.printweb.de\/digitaldruck\/#organization"},"potentialAction":[{"@type":"SearchAction","target":{"@type":"EntryPoint","urlTemplate":"https:\/\/www.printweb.de\/digitaldruck\/?s={search_term_string}"},"query-input":"required name=search_term_string"}],"inLanguage":"de-DE"},{"@type":"Organization","@id":"https:\/\/www.printweb.de\/digitaldruck\/#organization","name":"Colour Connection GmbH, printweb.de, Frankfurt am Main","url":"https:\/\/www.printweb.de\/digitaldruck\/","logo":{"@type":"ImageObject","inLanguage":"de-DE","@id":"https:\/\/www.printweb.de\/digitaldruck\/#\/schema\/logo\/image\/","url":"https:\/\/www.printweb.de\/digitaldruck\/wp-content\/uploads\/2019\/11\/colour-connectio-printweb-logo.jpg","contentUrl":"https:\/\/www.printweb.de\/digitaldruck\/wp-content\/uploads\/2019\/11\/colour-connectio-printweb-logo.jpg","width":1014,"height":229,"caption":"Colour Connection GmbH, printweb.de, Frankfurt am Main"},"image":{"@id":"https:\/\/www.printweb.de\/digitaldruck\/#\/schema\/logo\/image\/"},"sameAs":["https:\/\/www.facebook.com\/printweb.de\/","https:\/\/x.com\/digitaldruck","https:\/\/www.instagram.com\/printweb.de\/","https:\/\/www.youtube.com\/user\/Digitaldruckerei"]},{"@type":"Person","@id":"https:\/\/www.printweb.de\/digitaldruck\/#\/schema\/person\/0e0308818185589fb8602180e9273195","name":"Ralph Hadem","image":{"@type":"ImageObject","inLanguage":"de-DE","@id":"https:\/\/www.printweb.de\/digitaldruck\/#\/schema\/person\/image\/","url":"https:\/\/secure.gravatar.com\/avatar\/386b1b183dce310c5ac8a8f475fdecd8?s=96&d=blank&r=g","contentUrl":"https:\/\/secure.gravatar.com\/avatar\/386b1b183dce310c5ac8a8f475fdecd8?s=96&d=blank&r=g","caption":"Ralph Hadem"},"sameAs":["https:\/\/www.printweb.de"],"url":"https:\/\/www.printweb.de\/digitaldruck\/author\/ralphhadem\/"}]}},"_links":{"self":[{"href":"https:\/\/www.printweb.de\/digitaldruck\/wp-json\/wp\/v2\/posts\/8713"}],"collection":[{"href":"https:\/\/www.printweb.de\/digitaldruck\/wp-json\/wp\/v2\/posts"}],"about":[{"href":"https:\/\/www.printweb.de\/digitaldruck\/wp-json\/wp\/v2\/types\/post"}],"author":[{"embeddable":true,"href":"https:\/\/www.printweb.de\/digitaldruck\/wp-json\/wp\/v2\/users\/2"}],"replies":[{"embeddable":true,"href":"https:\/\/www.printweb.de\/digitaldruck\/wp-json\/wp\/v2\/comments?post=8713"}],"version-history":[{"count":5,"href":"https:\/\/www.printweb.de\/digitaldruck\/wp-json\/wp\/v2\/posts\/8713\/revisions"}],"predecessor-version":[{"id":8720,"href":"https:\/\/www.printweb.de\/digitaldruck\/wp-json\/wp\/v2\/posts\/8713\/revisions\/8720"}],"wp:featuredmedia":[{"embeddable":true,"href":"https:\/\/www.printweb.de\/digitaldruck\/wp-json\/wp\/v2\/media\/8715"}],"wp:attachment":[{"href":"https:\/\/www.printweb.de\/digitaldruck\/wp-json\/wp\/v2\/media?parent=8713"}],"wp:term":[{"taxonomy":"category","embeddable":true,"href":"https:\/\/www.printweb.de\/digitaldruck\/wp-json\/wp\/v2\/categories?post=8713"},{"taxonomy":"post_tag","embeddable":true,"href":"https:\/\/www.printweb.de\/digitaldruck\/wp-json\/wp\/v2\/tags?post=8713"}],"curies":[{"name":"wp","href":"https:\/\/api.w.org\/{rel}","templated":true}]}}