{"id":9094,"date":"2013-11-28T13:34:10","date_gmt":"2013-11-28T12:34:10","guid":{"rendered":"https:\/\/www.printweb.de\/digitaldruck\/?p=9094"},"modified":"2016-03-04T11:47:07","modified_gmt":"2016-03-04T10:47:07","slug":"ein-weihnachtlicher-kerzenaufsteller-ganz-flach-fur-den-versand","status":"publish","type":"post","link":"https:\/\/www.printweb.de\/digitaldruck\/ein-weihnachtlicher-kerzenaufsteller-ganz-flach-fur-den-versand\/9094\/","title":{"rendered":"Ein weihnachtlicher Kerzenaufsteller &#8211; <br \/>ganz flach f\u00fcr den Versand"},"content":{"rendered":"<p>Schon im letzten Jahr haben wir f\u00fcr <a href=\"http:\/\/tatjana-goelz.de\" target=\"_blank\">Tatjana G\u00f6lz<\/a> diesen witzigen Kerzenaufsteller produziert. Mit <a title=\"Dieses Material und zig weitere finden Sie in unseren Musterf\u00e4chern und -boxen.\" href=\"https:\/\/www.printweb.de\/support\/papierauswahl\">Curious Metallics antik Wei\u00dfgold<\/a> kam ein edles Glitzermaterial zum Einsatz, dass die Flamme des kleinen Teelichts vielfach reflektiert. Praktischerweise l\u00e4sst sich die gesamte Konstruktion flach (und damit preisg\u00fcnstig) verschicken. <a title=\"Digitaldruck von printweb.de: Tausende von Produkten, MIllionen von Varianten - standard oder individuell.\" href=\"https:\/\/www.printweb.de\">Digitaldruck<\/a> und digitale Stanzung. Feine Sache :-).<\/p>\n<p>&nbsp;<\/p>\n<p style=\"text-align: center;\"><a href=\"https:\/\/www.printweb.de\/digitaldruck\/wp-content\/uploads\/2013\/11\/24-Kerzenstaender-3378-1.jpg\" target=\"_blank\"><img decoding=\"async\" class=\"aligncenter size-thumbnail wp-image-9096\" title=\"Der faltbare Kerzenst\u00e4nder macht sich ganz flach f\u00fcr den Versand.\" alt=\"Faltbarer Kerzenst\u00e4nder, Digitaldruck und digitale Stanzung\" src=\"https:\/\/www.printweb.de\/digitaldruck\/wp-content\/uploads\/2013\/11\/24-Kerzenstaender-3378-1-683x437.jpg\" width=\"683\" height=\"437\" \/><\/a><\/p>\n<p>&nbsp;<\/p>\n<p style=\"text-align: center;\"><a href=\"https:\/\/www.printweb.de\/digitaldruck\/wp-content\/uploads\/2013\/11\/24-Kerzenstaender-3371-1.jpg\" target=\"_blank\"><img decoding=\"async\" class=\"aligncenter size-thumbnail wp-image-9095\" title=\"Ganz sch\u00f6n weihnachtlich: Der faltbare Kerzenst\u00e4nder\" alt=\"Detailaufnahme, faltbarer Kerzenst\u00e4nder\" src=\"https:\/\/www.printweb.de\/digitaldruck\/wp-content\/uploads\/2013\/11\/24-Kerzenstaender-3371-1-683x437.jpg\" width=\"683\" height=\"437\" \/><\/a><\/p>\n<p>&nbsp;<\/p>\n<p><a href=\"https:\/\/www.printweb.de\/digitaldruck\/wp-content\/uploads\/2013\/11\/24-Kerzenstaender-2-1.jpg\"><img decoding=\"async\" class=\"aligncenter size-thumbnail wp-image-9097\" alt=\"24-Kerzenstaender-2--1\" src=\"https:\/\/www.printweb.de\/digitaldruck\/wp-content\/uploads\/2013\/11\/24-Kerzenstaender-2-1-765x642.jpg\" width=\"521\" height=\"437\" srcset=\"https:\/\/www.printweb.de\/digitaldruck\/wp-content\/uploads\/2013\/11\/24-Kerzenstaender-2-1-765x642.jpg 765w, https:\/\/www.printweb.de\/digitaldruck\/wp-content\/uploads\/2013\/11\/24-Kerzenstaender-2-1-768x645.jpg 768w, https:\/\/www.printweb.de\/digitaldruck\/wp-content\/uploads\/2013\/11\/24-Kerzenstaender-2-1-584x490.jpg 584w\" sizes=\"(max-width: 521px) 100vw, 521px\" \/><\/a><\/p>\n<p style=\"text-align: center;\"><em>Klick auf&#8217;s Bild f\u00fcr eine h\u00f6here Aufl\u00f6sung.<br \/>\n<\/em><\/p>\n<p style=\"margin-top: 15px; margin-bottom: -5px;\"><a href=\"http:\/\/www.facebook.com\/printweb.de\" target=\"_blank\" class=\"broken_link\"><img decoding=\"async\" title=\"Die Colour Connection auf Facebook\" alt=\"printweb.de auf Facebook\" src=\"https:\/\/www.printweb.de\/digitaldruck\/wp-content\/uploads\/fb-postlogo.png\" \/><\/a> <a href=\"http:\/\/www.twitter.com\/digitaldruck\" target=\"_blank\" class=\"broken_link\"><img decoding=\"async\" title=\"Die Colour Connection auf Twitter\" alt=\"printweb.de auf Twitter\" src=\"https:\/\/www.printweb.de\/digitaldruck\/wp-content\/uploads\/twitter-postlogo.png\" \/> <\/a><\/p>\n","protected":false},"excerpt":{"rendered":"Schon im letzten Jahr haben wir f\u00fcr Tatjana G\u00f6lz diesen witzigen Kerzenaufsteller produziert. Mit Curious Metallics antik Wei\u00dfgold &#8230; <br><br><a class=\"readmore\" href=\"https:\/\/www.printweb.de\/digitaldruck\/ein-weihnachtlicher-kerzenaufsteller-ganz-flach-fur-den-versand\/9094\/\">mehr<\/a>","protected":false},"author":2,"featured_media":9096,"comment_status":"open","ping_status":"open","sticky":false,"template":"","format":"standard","meta":{"_acf_changed":false,"footnotes":""},"categories":[1,34,31,50,18],"tags":[],"class_list":["post-9094","post","type-post","status-publish","format-standard","has-post-thumbnail","hentry","category-alle-beitraege","category-papier-und-bedruckstoffe","category-weiterverarbeitung","category-digitale-stanze","category-flyer-und-karten"],"acf":[],"yoast_head":"<!-- This site is optimized with the Yoast SEO plugin v23.1 - https:\/\/yoast.com\/wordpress\/plugins\/seo\/ -->\n<title>Ein weihnachtlicher Kerzenaufsteller - ganz flach f\u00fcr den Versand | Was Print bewirken kann.<\/title>\n<meta name=\"robots\" content=\"index, follow, max-snippet:-1, max-image-preview:large, max-video-preview:-1\" \/>\n<link rel=\"canonical\" href=\"https:\/\/www.printweb.de\/digitaldruck\/ein-weihnachtlicher-kerzenaufsteller-ganz-flach-fur-den-versand\/9094\/\" \/>\n<meta property=\"og:locale\" content=\"de_DE\" \/>\n<meta property=\"og:type\" content=\"article\" \/>\n<meta property=\"og:title\" content=\"Ein weihnachtlicher Kerzenaufsteller - ganz flach f\u00fcr den Versand | Was Print bewirken kann.\" \/>\n<meta property=\"og:description\" content=\"Schon im letzten Jahr haben wir f\u00fcr Tatjana G\u00f6lz diesen witzigen Kerzenaufsteller produziert. Mit Curious Metallics antik Wei\u00dfgold ... mehr\" \/>\n<meta property=\"og:url\" content=\"https:\/\/www.printweb.de\/digitaldruck\/ein-weihnachtlicher-kerzenaufsteller-ganz-flach-fur-den-versand\/9094\/\" \/>\n<meta property=\"og:site_name\" content=\"Was Print bewirken kann.\" \/>\n<meta property=\"article:publisher\" content=\"https:\/\/www.facebook.com\/printweb.de\/\" \/>\n<meta property=\"article:published_time\" content=\"2013-11-28T12:34:10+00:00\" \/>\n<meta property=\"article:modified_time\" content=\"2016-03-04T10:47:07+00:00\" \/>\n<meta property=\"og:image\" content=\"https:\/\/www.printweb.de\/digitaldruck\/wp-content\/uploads\/2013\/11\/24-Kerzenstaender-3378-1.jpg\" \/>\n\t<meta property=\"og:image:width\" content=\"2362\" \/>\n\t<meta property=\"og:image:height\" content=\"1851\" \/>\n\t<meta property=\"og:image:type\" content=\"image\/jpeg\" \/>\n<meta name=\"author\" content=\"Ralph Hadem\" \/>\n<meta name=\"twitter:card\" content=\"summary_large_image\" \/>\n<meta name=\"twitter:creator\" content=\"@digitaldruck\" \/>\n<meta name=\"twitter:site\" content=\"@digitaldruck\" \/>\n<meta name=\"twitter:label1\" content=\"Verfasst von\" \/>\n\t<meta name=\"twitter:data1\" content=\"Ralph Hadem\" \/>\n<script type=\"application\/ld+json\" class=\"yoast-schema-graph\">{\"@context\":\"https:\/\/schema.org\",\"@graph\":[{\"@type\":\"Article\",\"@id\":\"https:\/\/www.printweb.de\/digitaldruck\/ein-weihnachtlicher-kerzenaufsteller-ganz-flach-fur-den-versand\/9094\/#article\",\"isPartOf\":{\"@id\":\"https:\/\/www.printweb.de\/digitaldruck\/ein-weihnachtlicher-kerzenaufsteller-ganz-flach-fur-den-versand\/9094\/\"},\"author\":{\"name\":\"Ralph Hadem\",\"@id\":\"https:\/\/www.printweb.de\/digitaldruck\/#\/schema\/person\/0e0308818185589fb8602180e9273195\"},\"headline\":\"Ein weihnachtlicher Kerzenaufsteller &#8211; ganz flach f\u00fcr den Versand\",\"datePublished\":\"2013-11-28T12:34:10+00:00\",\"dateModified\":\"2016-03-04T10:47:07+00:00\",\"mainEntityOfPage\":{\"@id\":\"https:\/\/www.printweb.de\/digitaldruck\/ein-weihnachtlicher-kerzenaufsteller-ganz-flach-fur-den-versand\/9094\/\"},\"wordCount\":79,\"commentCount\":0,\"publisher\":{\"@id\":\"https:\/\/www.printweb.de\/digitaldruck\/#organization\"},\"image\":{\"@id\":\"https:\/\/www.printweb.de\/digitaldruck\/ein-weihnachtlicher-kerzenaufsteller-ganz-flach-fur-den-versand\/9094\/#primaryimage\"},\"thumbnailUrl\":\"https:\/\/www.printweb.de\/digitaldruck\/wp-content\/uploads\/2013\/11\/24-Kerzenstaender-3378-1.jpg\",\"articleSection\":[\"Digitaldruck+Veredlung\",\"Papier &amp; Bedruckstoffe\",\"Weiterverarbeitung\",\"Digitale Stanze\",\"Flyer, Folder und Karten\"],\"inLanguage\":\"de-DE\",\"potentialAction\":[{\"@type\":\"CommentAction\",\"name\":\"Comment\",\"target\":[\"https:\/\/www.printweb.de\/digitaldruck\/ein-weihnachtlicher-kerzenaufsteller-ganz-flach-fur-den-versand\/9094\/#respond\"]}]},{\"@type\":\"WebPage\",\"@id\":\"https:\/\/www.printweb.de\/digitaldruck\/ein-weihnachtlicher-kerzenaufsteller-ganz-flach-fur-den-versand\/9094\/\",\"url\":\"https:\/\/www.printweb.de\/digitaldruck\/ein-weihnachtlicher-kerzenaufsteller-ganz-flach-fur-den-versand\/9094\/\",\"name\":\"Ein weihnachtlicher Kerzenaufsteller - ganz flach f\u00fcr den Versand | Was Print bewirken kann.\",\"isPartOf\":{\"@id\":\"https:\/\/www.printweb.de\/digitaldruck\/#website\"},\"primaryImageOfPage\":{\"@id\":\"https:\/\/www.printweb.de\/digitaldruck\/ein-weihnachtlicher-kerzenaufsteller-ganz-flach-fur-den-versand\/9094\/#primaryimage\"},\"image\":{\"@id\":\"https:\/\/www.printweb.de\/digitaldruck\/ein-weihnachtlicher-kerzenaufsteller-ganz-flach-fur-den-versand\/9094\/#primaryimage\"},\"thumbnailUrl\":\"https:\/\/www.printweb.de\/digitaldruck\/wp-content\/uploads\/2013\/11\/24-Kerzenstaender-3378-1.jpg\",\"datePublished\":\"2013-11-28T12:34:10+00:00\",\"dateModified\":\"2016-03-04T10:47:07+00:00\",\"inLanguage\":\"de-DE\",\"potentialAction\":[{\"@type\":\"ReadAction\",\"target\":[\"https:\/\/www.printweb.de\/digitaldruck\/ein-weihnachtlicher-kerzenaufsteller-ganz-flach-fur-den-versand\/9094\/\"]}]},{\"@type\":\"ImageObject\",\"inLanguage\":\"de-DE\",\"@id\":\"https:\/\/www.printweb.de\/digitaldruck\/ein-weihnachtlicher-kerzenaufsteller-ganz-flach-fur-den-versand\/9094\/#primaryimage\",\"url\":\"https:\/\/www.printweb.de\/digitaldruck\/wp-content\/uploads\/2013\/11\/24-Kerzenstaender-3378-1.jpg\",\"contentUrl\":\"https:\/\/www.printweb.de\/digitaldruck\/wp-content\/uploads\/2013\/11\/24-Kerzenstaender-3378-1.jpg\",\"width\":2362,\"height\":1851},{\"@type\":\"WebSite\",\"@id\":\"https:\/\/www.printweb.de\/digitaldruck\/#website\",\"url\":\"https:\/\/www.printweb.de\/digitaldruck\/\",\"name\":\"Was Print bewirken kann.\",\"description\":\"Was Print bewirken kann \u2013 1700 Ideen.\",\"publisher\":{\"@id\":\"https:\/\/www.printweb.de\/digitaldruck\/#organization\"},\"potentialAction\":[{\"@type\":\"SearchAction\",\"target\":{\"@type\":\"EntryPoint\",\"urlTemplate\":\"https:\/\/www.printweb.de\/digitaldruck\/?s={search_term_string}\"},\"query-input\":\"required name=search_term_string\"}],\"inLanguage\":\"de-DE\"},{\"@type\":\"Organization\",\"@id\":\"https:\/\/www.printweb.de\/digitaldruck\/#organization\",\"name\":\"Colour Connection GmbH, printweb.de, Frankfurt am Main\",\"url\":\"https:\/\/www.printweb.de\/digitaldruck\/\",\"logo\":{\"@type\":\"ImageObject\",\"inLanguage\":\"de-DE\",\"@id\":\"https:\/\/www.printweb.de\/digitaldruck\/#\/schema\/logo\/image\/\",\"url\":\"https:\/\/www.printweb.de\/digitaldruck\/wp-content\/uploads\/2019\/11\/colour-connectio-printweb-logo.jpg\",\"contentUrl\":\"https:\/\/www.printweb.de\/digitaldruck\/wp-content\/uploads\/2019\/11\/colour-connectio-printweb-logo.jpg\",\"width\":1014,\"height\":229,\"caption\":\"Colour Connection GmbH, printweb.de, Frankfurt am Main\"},\"image\":{\"@id\":\"https:\/\/www.printweb.de\/digitaldruck\/#\/schema\/logo\/image\/\"},\"sameAs\":[\"https:\/\/www.facebook.com\/printweb.de\/\",\"https:\/\/x.com\/digitaldruck\",\"https:\/\/www.instagram.com\/printweb.de\/\",\"https:\/\/www.youtube.com\/user\/Digitaldruckerei\"]},{\"@type\":\"Person\",\"@id\":\"https:\/\/www.printweb.de\/digitaldruck\/#\/schema\/person\/0e0308818185589fb8602180e9273195\",\"name\":\"Ralph Hadem\",\"image\":{\"@type\":\"ImageObject\",\"inLanguage\":\"de-DE\",\"@id\":\"https:\/\/www.printweb.de\/digitaldruck\/#\/schema\/person\/image\/\",\"url\":\"https:\/\/secure.gravatar.com\/avatar\/386b1b183dce310c5ac8a8f475fdecd8?s=96&d=blank&r=g\",\"contentUrl\":\"https:\/\/secure.gravatar.com\/avatar\/386b1b183dce310c5ac8a8f475fdecd8?s=96&d=blank&r=g\",\"caption\":\"Ralph Hadem\"},\"sameAs\":[\"https:\/\/www.printweb.de\"],\"url\":\"https:\/\/www.printweb.de\/digitaldruck\/author\/ralphhadem\/\"}]}<\/script>\n<!-- \/ Yoast SEO plugin. -->","yoast_head_json":{"title":"Ein weihnachtlicher Kerzenaufsteller - ganz flach f\u00fcr den Versand | Was Print bewirken kann.","robots":{"index":"index","follow":"follow","max-snippet":"max-snippet:-1","max-image-preview":"max-image-preview:large","max-video-preview":"max-video-preview:-1"},"canonical":"https:\/\/www.printweb.de\/digitaldruck\/ein-weihnachtlicher-kerzenaufsteller-ganz-flach-fur-den-versand\/9094\/","og_locale":"de_DE","og_type":"article","og_title":"Ein weihnachtlicher Kerzenaufsteller - ganz flach f\u00fcr den Versand | Was Print bewirken kann.","og_description":"Schon im letzten Jahr haben wir f\u00fcr Tatjana G\u00f6lz diesen witzigen Kerzenaufsteller produziert. Mit Curious Metallics antik Wei\u00dfgold ... mehr","og_url":"https:\/\/www.printweb.de\/digitaldruck\/ein-weihnachtlicher-kerzenaufsteller-ganz-flach-fur-den-versand\/9094\/","og_site_name":"Was Print bewirken kann.","article_publisher":"https:\/\/www.facebook.com\/printweb.de\/","article_published_time":"2013-11-28T12:34:10+00:00","article_modified_time":"2016-03-04T10:47:07+00:00","og_image":[{"width":2362,"height":1851,"url":"https:\/\/www.printweb.de\/digitaldruck\/wp-content\/uploads\/2013\/11\/24-Kerzenstaender-3378-1.jpg","type":"image\/jpeg"}],"author":"Ralph Hadem","twitter_card":"summary_large_image","twitter_creator":"@digitaldruck","twitter_site":"@digitaldruck","twitter_misc":{"Verfasst von":"Ralph Hadem"},"schema":{"@context":"https:\/\/schema.org","@graph":[{"@type":"Article","@id":"https:\/\/www.printweb.de\/digitaldruck\/ein-weihnachtlicher-kerzenaufsteller-ganz-flach-fur-den-versand\/9094\/#article","isPartOf":{"@id":"https:\/\/www.printweb.de\/digitaldruck\/ein-weihnachtlicher-kerzenaufsteller-ganz-flach-fur-den-versand\/9094\/"},"author":{"name":"Ralph Hadem","@id":"https:\/\/www.printweb.de\/digitaldruck\/#\/schema\/person\/0e0308818185589fb8602180e9273195"},"headline":"Ein weihnachtlicher Kerzenaufsteller &#8211; ganz flach f\u00fcr den Versand","datePublished":"2013-11-28T12:34:10+00:00","dateModified":"2016-03-04T10:47:07+00:00","mainEntityOfPage":{"@id":"https:\/\/www.printweb.de\/digitaldruck\/ein-weihnachtlicher-kerzenaufsteller-ganz-flach-fur-den-versand\/9094\/"},"wordCount":79,"commentCount":0,"publisher":{"@id":"https:\/\/www.printweb.de\/digitaldruck\/#organization"},"image":{"@id":"https:\/\/www.printweb.de\/digitaldruck\/ein-weihnachtlicher-kerzenaufsteller-ganz-flach-fur-den-versand\/9094\/#primaryimage"},"thumbnailUrl":"https:\/\/www.printweb.de\/digitaldruck\/wp-content\/uploads\/2013\/11\/24-Kerzenstaender-3378-1.jpg","articleSection":["Digitaldruck+Veredlung","Papier &amp; Bedruckstoffe","Weiterverarbeitung","Digitale Stanze","Flyer, Folder und Karten"],"inLanguage":"de-DE","potentialAction":[{"@type":"CommentAction","name":"Comment","target":["https:\/\/www.printweb.de\/digitaldruck\/ein-weihnachtlicher-kerzenaufsteller-ganz-flach-fur-den-versand\/9094\/#respond"]}]},{"@type":"WebPage","@id":"https:\/\/www.printweb.de\/digitaldruck\/ein-weihnachtlicher-kerzenaufsteller-ganz-flach-fur-den-versand\/9094\/","url":"https:\/\/www.printweb.de\/digitaldruck\/ein-weihnachtlicher-kerzenaufsteller-ganz-flach-fur-den-versand\/9094\/","name":"Ein weihnachtlicher Kerzenaufsteller - ganz flach f\u00fcr den Versand | Was Print bewirken kann.","isPartOf":{"@id":"https:\/\/www.printweb.de\/digitaldruck\/#website"},"primaryImageOfPage":{"@id":"https:\/\/www.printweb.de\/digitaldruck\/ein-weihnachtlicher-kerzenaufsteller-ganz-flach-fur-den-versand\/9094\/#primaryimage"},"image":{"@id":"https:\/\/www.printweb.de\/digitaldruck\/ein-weihnachtlicher-kerzenaufsteller-ganz-flach-fur-den-versand\/9094\/#primaryimage"},"thumbnailUrl":"https:\/\/www.printweb.de\/digitaldruck\/wp-content\/uploads\/2013\/11\/24-Kerzenstaender-3378-1.jpg","datePublished":"2013-11-28T12:34:10+00:00","dateModified":"2016-03-04T10:47:07+00:00","inLanguage":"de-DE","potentialAction":[{"@type":"ReadAction","target":["https:\/\/www.printweb.de\/digitaldruck\/ein-weihnachtlicher-kerzenaufsteller-ganz-flach-fur-den-versand\/9094\/"]}]},{"@type":"ImageObject","inLanguage":"de-DE","@id":"https:\/\/www.printweb.de\/digitaldruck\/ein-weihnachtlicher-kerzenaufsteller-ganz-flach-fur-den-versand\/9094\/#primaryimage","url":"https:\/\/www.printweb.de\/digitaldruck\/wp-content\/uploads\/2013\/11\/24-Kerzenstaender-3378-1.jpg","contentUrl":"https:\/\/www.printweb.de\/digitaldruck\/wp-content\/uploads\/2013\/11\/24-Kerzenstaender-3378-1.jpg","width":2362,"height":1851},{"@type":"WebSite","@id":"https:\/\/www.printweb.de\/digitaldruck\/#website","url":"https:\/\/www.printweb.de\/digitaldruck\/","name":"Was Print bewirken kann.","description":"Was Print bewirken kann \u2013 1700 Ideen.","publisher":{"@id":"https:\/\/www.printweb.de\/digitaldruck\/#organization"},"potentialAction":[{"@type":"SearchAction","target":{"@type":"EntryPoint","urlTemplate":"https:\/\/www.printweb.de\/digitaldruck\/?s={search_term_string}"},"query-input":"required name=search_term_string"}],"inLanguage":"de-DE"},{"@type":"Organization","@id":"https:\/\/www.printweb.de\/digitaldruck\/#organization","name":"Colour Connection GmbH, printweb.de, Frankfurt am Main","url":"https:\/\/www.printweb.de\/digitaldruck\/","logo":{"@type":"ImageObject","inLanguage":"de-DE","@id":"https:\/\/www.printweb.de\/digitaldruck\/#\/schema\/logo\/image\/","url":"https:\/\/www.printweb.de\/digitaldruck\/wp-content\/uploads\/2019\/11\/colour-connectio-printweb-logo.jpg","contentUrl":"https:\/\/www.printweb.de\/digitaldruck\/wp-content\/uploads\/2019\/11\/colour-connectio-printweb-logo.jpg","width":1014,"height":229,"caption":"Colour Connection GmbH, printweb.de, Frankfurt am Main"},"image":{"@id":"https:\/\/www.printweb.de\/digitaldruck\/#\/schema\/logo\/image\/"},"sameAs":["https:\/\/www.facebook.com\/printweb.de\/","https:\/\/x.com\/digitaldruck","https:\/\/www.instagram.com\/printweb.de\/","https:\/\/www.youtube.com\/user\/Digitaldruckerei"]},{"@type":"Person","@id":"https:\/\/www.printweb.de\/digitaldruck\/#\/schema\/person\/0e0308818185589fb8602180e9273195","name":"Ralph Hadem","image":{"@type":"ImageObject","inLanguage":"de-DE","@id":"https:\/\/www.printweb.de\/digitaldruck\/#\/schema\/person\/image\/","url":"https:\/\/secure.gravatar.com\/avatar\/386b1b183dce310c5ac8a8f475fdecd8?s=96&d=blank&r=g","contentUrl":"https:\/\/secure.gravatar.com\/avatar\/386b1b183dce310c5ac8a8f475fdecd8?s=96&d=blank&r=g","caption":"Ralph Hadem"},"sameAs":["https:\/\/www.printweb.de"],"url":"https:\/\/www.printweb.de\/digitaldruck\/author\/ralphhadem\/"}]}},"_links":{"self":[{"href":"https:\/\/www.printweb.de\/digitaldruck\/wp-json\/wp\/v2\/posts\/9094"}],"collection":[{"href":"https:\/\/www.printweb.de\/digitaldruck\/wp-json\/wp\/v2\/posts"}],"about":[{"href":"https:\/\/www.printweb.de\/digitaldruck\/wp-json\/wp\/v2\/types\/post"}],"author":[{"embeddable":true,"href":"https:\/\/www.printweb.de\/digitaldruck\/wp-json\/wp\/v2\/users\/2"}],"replies":[{"embeddable":true,"href":"https:\/\/www.printweb.de\/digitaldruck\/wp-json\/wp\/v2\/comments?post=9094"}],"version-history":[{"count":8,"href":"https:\/\/www.printweb.de\/digitaldruck\/wp-json\/wp\/v2\/posts\/9094\/revisions"}],"predecessor-version":[{"id":12564,"href":"https:\/\/www.printweb.de\/digitaldruck\/wp-json\/wp\/v2\/posts\/9094\/revisions\/12564"}],"wp:featuredmedia":[{"embeddable":true,"href":"https:\/\/www.printweb.de\/digitaldruck\/wp-json\/wp\/v2\/media\/9096"}],"wp:attachment":[{"href":"https:\/\/www.printweb.de\/digitaldruck\/wp-json\/wp\/v2\/media?parent=9094"}],"wp:term":[{"taxonomy":"category","embeddable":true,"href":"https:\/\/www.printweb.de\/digitaldruck\/wp-json\/wp\/v2\/categories?post=9094"},{"taxonomy":"post_tag","embeddable":true,"href":"https:\/\/www.printweb.de\/digitaldruck\/wp-json\/wp\/v2\/tags?post=9094"}],"curies":[{"name":"wp","href":"https:\/\/api.w.org\/{rel}","templated":true}]}}