{"id":9356,"date":"2014-01-15T09:06:56","date_gmt":"2014-01-15T08:06:56","guid":{"rendered":"https:\/\/www.printweb.de\/digitaldruck\/?p=9356"},"modified":"2014-01-15T11:41:23","modified_gmt":"2014-01-15T10:41:23","slug":"farbige-schriften-voll-buntisch-in-dieser-grauen-jahreszeit","status":"publish","type":"post","link":"https:\/\/www.printweb.de\/digitaldruck\/farbige-schriften-voll-buntisch-in-dieser-grauen-jahreszeit\/9356\/","title":{"rendered":"Farbige Schriften: <br \/>Voll buntisch in dieser grauen Jahreszeit"},"content":{"rendered":"<p>Immer im Januar geht mir diese elende Dunkelheit besonders auf die Nerven. Wenn man aufsteht, ist es dunkel, wenn man heimkommt ist es dunkel, wenn man mit dem Hund im Feld ist, ist es &#8211; genau &#8211; dunkel. Und wenn es mal hell ist, herrscht grau statt gr\u00fcn vor. Umso sch\u00f6ner, wenn gerade in dieser Jahreszeit voll farbige Fonts die B\u00fchne betreten. Ich finde den untenstehenden besonders nett &#8211; hart an der Grenze zum Kitsch :-). Damit lassen sich wunderbare <a title=\"Einladungen im Digitaldruck: Karten und Postkarten\" href=\"https:\/\/www.printweb.de\/werbung\/karten-und-postkarten\">Einladungen<\/a> oder auch <a title=\"Banner auf Premium Bannermaterial im Digitaldruck\" href=\"https:\/\/www.printweb.de\/plakate-banner-dias\/werbeplanen.product\" target=\"_blank\">Veranstaltungs-Banner<\/a> gestalten. Hier gibt&#8217;s mehr Fonts f\u00fcr kleines Geld: <a href=\"http:\/\/www.typopixo.com\/index.php\" target=\"_blank\" rel=\"nofollow nofollow\">http:\/\/www.typopixo.com\/index.php<\/a><\/p>\n<p>&nbsp;<\/p>\n<p style=\"text-align: center;\"><a href=\"https:\/\/www.printweb.de\/digitaldruck\/wp-content\/uploads\/2014\/01\/Farbenfrohe-Fonts.png\"><img decoding=\"async\" class=\"aligncenter size-thumbnail wp-image-9357\" title=\"Auch f\u00fcr den Digitaldruck geeignet: Farbenfrohe Schriften\" alt=\"Farbenfrohe Fonts\" src=\"https:\/\/www.printweb.de\/digitaldruck\/wp-content\/uploads\/2014\/01\/Farbenfrohe-Fonts-683x234.png\" width=\"683\" height=\"234\" \/><\/a><\/p>\n","protected":false},"excerpt":{"rendered":"Immer im Januar geht mir diese elende Dunkelheit besonders auf die Nerven. Wenn man aufsteht, ist es dunkel, &#8230; <br><br><a class=\"readmore\" href=\"https:\/\/www.printweb.de\/digitaldruck\/farbige-schriften-voll-buntisch-in-dieser-grauen-jahreszeit\/9356\/\">mehr<\/a>","protected":false},"author":2,"featured_media":9357,"comment_status":"open","ping_status":"open","sticky":false,"template":"","format":"standard","meta":{"_acf_changed":false,"footnotes":""},"categories":[1],"tags":[],"class_list":["post-9356","post","type-post","status-publish","format-standard","has-post-thumbnail","hentry","category-alle-beitraege"],"acf":[],"yoast_head":"<!-- This site is optimized with the Yoast SEO plugin v23.1 - https:\/\/yoast.com\/wordpress\/plugins\/seo\/ -->\n<title>Farbige Schriften: Voll buntisch in dieser grauen Jahreszeit | Was Print bewirken kann.<\/title>\n<meta name=\"robots\" content=\"index, follow, max-snippet:-1, max-image-preview:large, max-video-preview:-1\" \/>\n<link rel=\"canonical\" href=\"https:\/\/www.printweb.de\/digitaldruck\/farbige-schriften-voll-buntisch-in-dieser-grauen-jahreszeit\/9356\/\" \/>\n<meta property=\"og:locale\" content=\"de_DE\" \/>\n<meta property=\"og:type\" content=\"article\" \/>\n<meta property=\"og:title\" content=\"Farbige Schriften: Voll buntisch in dieser grauen Jahreszeit | Was Print bewirken kann.\" \/>\n<meta property=\"og:description\" content=\"Immer im Januar geht mir diese elende Dunkelheit besonders auf die Nerven. Wenn man aufsteht, ist es dunkel, ... mehr\" \/>\n<meta property=\"og:url\" content=\"https:\/\/www.printweb.de\/digitaldruck\/farbige-schriften-voll-buntisch-in-dieser-grauen-jahreszeit\/9356\/\" \/>\n<meta property=\"og:site_name\" content=\"Was Print bewirken kann.\" \/>\n<meta property=\"article:publisher\" content=\"https:\/\/www.facebook.com\/printweb.de\/\" \/>\n<meta property=\"article:published_time\" content=\"2014-01-15T08:06:56+00:00\" \/>\n<meta property=\"article:modified_time\" content=\"2014-01-15T10:41:23+00:00\" \/>\n<meta property=\"og:image\" content=\"https:\/\/www.printweb.de\/digitaldruck\/wp-content\/uploads\/2014\/01\/Farbenfrohe-Fonts.png\" \/>\n\t<meta property=\"og:image:width\" content=\"800\" \/>\n\t<meta property=\"og:image:height\" content=\"234\" \/>\n\t<meta property=\"og:image:type\" content=\"image\/png\" \/>\n<meta name=\"author\" content=\"Ralph Hadem\" \/>\n<meta name=\"twitter:card\" content=\"summary_large_image\" \/>\n<meta name=\"twitter:creator\" content=\"@digitaldruck\" \/>\n<meta name=\"twitter:site\" content=\"@digitaldruck\" \/>\n<meta name=\"twitter:label1\" content=\"Verfasst von\" \/>\n\t<meta name=\"twitter:data1\" content=\"Ralph Hadem\" \/>\n\t<meta name=\"twitter:label2\" content=\"Gesch\u00e4tzte Lesezeit\" \/>\n\t<meta name=\"twitter:data2\" content=\"1 Minute\" \/>\n<script type=\"application\/ld+json\" class=\"yoast-schema-graph\">{\"@context\":\"https:\/\/schema.org\",\"@graph\":[{\"@type\":\"Article\",\"@id\":\"https:\/\/www.printweb.de\/digitaldruck\/farbige-schriften-voll-buntisch-in-dieser-grauen-jahreszeit\/9356\/#article\",\"isPartOf\":{\"@id\":\"https:\/\/www.printweb.de\/digitaldruck\/farbige-schriften-voll-buntisch-in-dieser-grauen-jahreszeit\/9356\/\"},\"author\":{\"name\":\"Ralph Hadem\",\"@id\":\"https:\/\/www.printweb.de\/digitaldruck\/#\/schema\/person\/0e0308818185589fb8602180e9273195\"},\"headline\":\"Farbige Schriften: Voll buntisch in dieser grauen Jahreszeit\",\"datePublished\":\"2014-01-15T08:06:56+00:00\",\"dateModified\":\"2014-01-15T10:41:23+00:00\",\"mainEntityOfPage\":{\"@id\":\"https:\/\/www.printweb.de\/digitaldruck\/farbige-schriften-voll-buntisch-in-dieser-grauen-jahreszeit\/9356\/\"},\"wordCount\":112,\"commentCount\":0,\"publisher\":{\"@id\":\"https:\/\/www.printweb.de\/digitaldruck\/#organization\"},\"image\":{\"@id\":\"https:\/\/www.printweb.de\/digitaldruck\/farbige-schriften-voll-buntisch-in-dieser-grauen-jahreszeit\/9356\/#primaryimage\"},\"thumbnailUrl\":\"https:\/\/www.printweb.de\/digitaldruck\/wp-content\/uploads\/2014\/01\/Farbenfrohe-Fonts.png\",\"articleSection\":[\"Digitaldruck+Veredlung\"],\"inLanguage\":\"de-DE\",\"potentialAction\":[{\"@type\":\"CommentAction\",\"name\":\"Comment\",\"target\":[\"https:\/\/www.printweb.de\/digitaldruck\/farbige-schriften-voll-buntisch-in-dieser-grauen-jahreszeit\/9356\/#respond\"]}]},{\"@type\":\"WebPage\",\"@id\":\"https:\/\/www.printweb.de\/digitaldruck\/farbige-schriften-voll-buntisch-in-dieser-grauen-jahreszeit\/9356\/\",\"url\":\"https:\/\/www.printweb.de\/digitaldruck\/farbige-schriften-voll-buntisch-in-dieser-grauen-jahreszeit\/9356\/\",\"name\":\"Farbige Schriften: Voll buntisch in dieser grauen Jahreszeit | Was Print bewirken kann.\",\"isPartOf\":{\"@id\":\"https:\/\/www.printweb.de\/digitaldruck\/#website\"},\"primaryImageOfPage\":{\"@id\":\"https:\/\/www.printweb.de\/digitaldruck\/farbige-schriften-voll-buntisch-in-dieser-grauen-jahreszeit\/9356\/#primaryimage\"},\"image\":{\"@id\":\"https:\/\/www.printweb.de\/digitaldruck\/farbige-schriften-voll-buntisch-in-dieser-grauen-jahreszeit\/9356\/#primaryimage\"},\"thumbnailUrl\":\"https:\/\/www.printweb.de\/digitaldruck\/wp-content\/uploads\/2014\/01\/Farbenfrohe-Fonts.png\",\"datePublished\":\"2014-01-15T08:06:56+00:00\",\"dateModified\":\"2014-01-15T10:41:23+00:00\",\"inLanguage\":\"de-DE\",\"potentialAction\":[{\"@type\":\"ReadAction\",\"target\":[\"https:\/\/www.printweb.de\/digitaldruck\/farbige-schriften-voll-buntisch-in-dieser-grauen-jahreszeit\/9356\/\"]}]},{\"@type\":\"ImageObject\",\"inLanguage\":\"de-DE\",\"@id\":\"https:\/\/www.printweb.de\/digitaldruck\/farbige-schriften-voll-buntisch-in-dieser-grauen-jahreszeit\/9356\/#primaryimage\",\"url\":\"https:\/\/www.printweb.de\/digitaldruck\/wp-content\/uploads\/2014\/01\/Farbenfrohe-Fonts.png\",\"contentUrl\":\"https:\/\/www.printweb.de\/digitaldruck\/wp-content\/uploads\/2014\/01\/Farbenfrohe-Fonts.png\",\"width\":800,\"height\":234},{\"@type\":\"WebSite\",\"@id\":\"https:\/\/www.printweb.de\/digitaldruck\/#website\",\"url\":\"https:\/\/www.printweb.de\/digitaldruck\/\",\"name\":\"Was Print bewirken kann.\",\"description\":\"Was Print bewirken kann \u2013 1700 Ideen.\",\"publisher\":{\"@id\":\"https:\/\/www.printweb.de\/digitaldruck\/#organization\"},\"potentialAction\":[{\"@type\":\"SearchAction\",\"target\":{\"@type\":\"EntryPoint\",\"urlTemplate\":\"https:\/\/www.printweb.de\/digitaldruck\/?s={search_term_string}\"},\"query-input\":\"required name=search_term_string\"}],\"inLanguage\":\"de-DE\"},{\"@type\":\"Organization\",\"@id\":\"https:\/\/www.printweb.de\/digitaldruck\/#organization\",\"name\":\"Colour Connection GmbH, printweb.de, Frankfurt am Main\",\"url\":\"https:\/\/www.printweb.de\/digitaldruck\/\",\"logo\":{\"@type\":\"ImageObject\",\"inLanguage\":\"de-DE\",\"@id\":\"https:\/\/www.printweb.de\/digitaldruck\/#\/schema\/logo\/image\/\",\"url\":\"https:\/\/www.printweb.de\/digitaldruck\/wp-content\/uploads\/2019\/11\/colour-connectio-printweb-logo.jpg\",\"contentUrl\":\"https:\/\/www.printweb.de\/digitaldruck\/wp-content\/uploads\/2019\/11\/colour-connectio-printweb-logo.jpg\",\"width\":1014,\"height\":229,\"caption\":\"Colour Connection GmbH, printweb.de, Frankfurt am Main\"},\"image\":{\"@id\":\"https:\/\/www.printweb.de\/digitaldruck\/#\/schema\/logo\/image\/\"},\"sameAs\":[\"https:\/\/www.facebook.com\/printweb.de\/\",\"https:\/\/x.com\/digitaldruck\",\"https:\/\/www.instagram.com\/printweb.de\/\",\"https:\/\/www.youtube.com\/user\/Digitaldruckerei\"]},{\"@type\":\"Person\",\"@id\":\"https:\/\/www.printweb.de\/digitaldruck\/#\/schema\/person\/0e0308818185589fb8602180e9273195\",\"name\":\"Ralph Hadem\",\"image\":{\"@type\":\"ImageObject\",\"inLanguage\":\"de-DE\",\"@id\":\"https:\/\/www.printweb.de\/digitaldruck\/#\/schema\/person\/image\/\",\"url\":\"https:\/\/secure.gravatar.com\/avatar\/386b1b183dce310c5ac8a8f475fdecd8?s=96&d=blank&r=g\",\"contentUrl\":\"https:\/\/secure.gravatar.com\/avatar\/386b1b183dce310c5ac8a8f475fdecd8?s=96&d=blank&r=g\",\"caption\":\"Ralph Hadem\"},\"sameAs\":[\"https:\/\/www.printweb.de\"],\"url\":\"https:\/\/www.printweb.de\/digitaldruck\/author\/ralphhadem\/\"}]}<\/script>\n<!-- \/ Yoast SEO plugin. -->","yoast_head_json":{"title":"Farbige Schriften: Voll buntisch in dieser grauen Jahreszeit | Was Print bewirken kann.","robots":{"index":"index","follow":"follow","max-snippet":"max-snippet:-1","max-image-preview":"max-image-preview:large","max-video-preview":"max-video-preview:-1"},"canonical":"https:\/\/www.printweb.de\/digitaldruck\/farbige-schriften-voll-buntisch-in-dieser-grauen-jahreszeit\/9356\/","og_locale":"de_DE","og_type":"article","og_title":"Farbige Schriften: Voll buntisch in dieser grauen Jahreszeit | Was Print bewirken kann.","og_description":"Immer im Januar geht mir diese elende Dunkelheit besonders auf die Nerven. Wenn man aufsteht, ist es dunkel, ... mehr","og_url":"https:\/\/www.printweb.de\/digitaldruck\/farbige-schriften-voll-buntisch-in-dieser-grauen-jahreszeit\/9356\/","og_site_name":"Was Print bewirken kann.","article_publisher":"https:\/\/www.facebook.com\/printweb.de\/","article_published_time":"2014-01-15T08:06:56+00:00","article_modified_time":"2014-01-15T10:41:23+00:00","og_image":[{"width":800,"height":234,"url":"https:\/\/www.printweb.de\/digitaldruck\/wp-content\/uploads\/2014\/01\/Farbenfrohe-Fonts.png","type":"image\/png"}],"author":"Ralph Hadem","twitter_card":"summary_large_image","twitter_creator":"@digitaldruck","twitter_site":"@digitaldruck","twitter_misc":{"Verfasst von":"Ralph Hadem","Gesch\u00e4tzte Lesezeit":"1 Minute"},"schema":{"@context":"https:\/\/schema.org","@graph":[{"@type":"Article","@id":"https:\/\/www.printweb.de\/digitaldruck\/farbige-schriften-voll-buntisch-in-dieser-grauen-jahreszeit\/9356\/#article","isPartOf":{"@id":"https:\/\/www.printweb.de\/digitaldruck\/farbige-schriften-voll-buntisch-in-dieser-grauen-jahreszeit\/9356\/"},"author":{"name":"Ralph Hadem","@id":"https:\/\/www.printweb.de\/digitaldruck\/#\/schema\/person\/0e0308818185589fb8602180e9273195"},"headline":"Farbige Schriften: Voll buntisch in dieser grauen Jahreszeit","datePublished":"2014-01-15T08:06:56+00:00","dateModified":"2014-01-15T10:41:23+00:00","mainEntityOfPage":{"@id":"https:\/\/www.printweb.de\/digitaldruck\/farbige-schriften-voll-buntisch-in-dieser-grauen-jahreszeit\/9356\/"},"wordCount":112,"commentCount":0,"publisher":{"@id":"https:\/\/www.printweb.de\/digitaldruck\/#organization"},"image":{"@id":"https:\/\/www.printweb.de\/digitaldruck\/farbige-schriften-voll-buntisch-in-dieser-grauen-jahreszeit\/9356\/#primaryimage"},"thumbnailUrl":"https:\/\/www.printweb.de\/digitaldruck\/wp-content\/uploads\/2014\/01\/Farbenfrohe-Fonts.png","articleSection":["Digitaldruck+Veredlung"],"inLanguage":"de-DE","potentialAction":[{"@type":"CommentAction","name":"Comment","target":["https:\/\/www.printweb.de\/digitaldruck\/farbige-schriften-voll-buntisch-in-dieser-grauen-jahreszeit\/9356\/#respond"]}]},{"@type":"WebPage","@id":"https:\/\/www.printweb.de\/digitaldruck\/farbige-schriften-voll-buntisch-in-dieser-grauen-jahreszeit\/9356\/","url":"https:\/\/www.printweb.de\/digitaldruck\/farbige-schriften-voll-buntisch-in-dieser-grauen-jahreszeit\/9356\/","name":"Farbige Schriften: Voll buntisch in dieser grauen Jahreszeit | Was Print bewirken kann.","isPartOf":{"@id":"https:\/\/www.printweb.de\/digitaldruck\/#website"},"primaryImageOfPage":{"@id":"https:\/\/www.printweb.de\/digitaldruck\/farbige-schriften-voll-buntisch-in-dieser-grauen-jahreszeit\/9356\/#primaryimage"},"image":{"@id":"https:\/\/www.printweb.de\/digitaldruck\/farbige-schriften-voll-buntisch-in-dieser-grauen-jahreszeit\/9356\/#primaryimage"},"thumbnailUrl":"https:\/\/www.printweb.de\/digitaldruck\/wp-content\/uploads\/2014\/01\/Farbenfrohe-Fonts.png","datePublished":"2014-01-15T08:06:56+00:00","dateModified":"2014-01-15T10:41:23+00:00","inLanguage":"de-DE","potentialAction":[{"@type":"ReadAction","target":["https:\/\/www.printweb.de\/digitaldruck\/farbige-schriften-voll-buntisch-in-dieser-grauen-jahreszeit\/9356\/"]}]},{"@type":"ImageObject","inLanguage":"de-DE","@id":"https:\/\/www.printweb.de\/digitaldruck\/farbige-schriften-voll-buntisch-in-dieser-grauen-jahreszeit\/9356\/#primaryimage","url":"https:\/\/www.printweb.de\/digitaldruck\/wp-content\/uploads\/2014\/01\/Farbenfrohe-Fonts.png","contentUrl":"https:\/\/www.printweb.de\/digitaldruck\/wp-content\/uploads\/2014\/01\/Farbenfrohe-Fonts.png","width":800,"height":234},{"@type":"WebSite","@id":"https:\/\/www.printweb.de\/digitaldruck\/#website","url":"https:\/\/www.printweb.de\/digitaldruck\/","name":"Was Print bewirken kann.","description":"Was Print bewirken kann \u2013 1700 Ideen.","publisher":{"@id":"https:\/\/www.printweb.de\/digitaldruck\/#organization"},"potentialAction":[{"@type":"SearchAction","target":{"@type":"EntryPoint","urlTemplate":"https:\/\/www.printweb.de\/digitaldruck\/?s={search_term_string}"},"query-input":"required name=search_term_string"}],"inLanguage":"de-DE"},{"@type":"Organization","@id":"https:\/\/www.printweb.de\/digitaldruck\/#organization","name":"Colour Connection GmbH, printweb.de, Frankfurt am Main","url":"https:\/\/www.printweb.de\/digitaldruck\/","logo":{"@type":"ImageObject","inLanguage":"de-DE","@id":"https:\/\/www.printweb.de\/digitaldruck\/#\/schema\/logo\/image\/","url":"https:\/\/www.printweb.de\/digitaldruck\/wp-content\/uploads\/2019\/11\/colour-connectio-printweb-logo.jpg","contentUrl":"https:\/\/www.printweb.de\/digitaldruck\/wp-content\/uploads\/2019\/11\/colour-connectio-printweb-logo.jpg","width":1014,"height":229,"caption":"Colour Connection GmbH, printweb.de, Frankfurt am Main"},"image":{"@id":"https:\/\/www.printweb.de\/digitaldruck\/#\/schema\/logo\/image\/"},"sameAs":["https:\/\/www.facebook.com\/printweb.de\/","https:\/\/x.com\/digitaldruck","https:\/\/www.instagram.com\/printweb.de\/","https:\/\/www.youtube.com\/user\/Digitaldruckerei"]},{"@type":"Person","@id":"https:\/\/www.printweb.de\/digitaldruck\/#\/schema\/person\/0e0308818185589fb8602180e9273195","name":"Ralph Hadem","image":{"@type":"ImageObject","inLanguage":"de-DE","@id":"https:\/\/www.printweb.de\/digitaldruck\/#\/schema\/person\/image\/","url":"https:\/\/secure.gravatar.com\/avatar\/386b1b183dce310c5ac8a8f475fdecd8?s=96&d=blank&r=g","contentUrl":"https:\/\/secure.gravatar.com\/avatar\/386b1b183dce310c5ac8a8f475fdecd8?s=96&d=blank&r=g","caption":"Ralph Hadem"},"sameAs":["https:\/\/www.printweb.de"],"url":"https:\/\/www.printweb.de\/digitaldruck\/author\/ralphhadem\/"}]}},"_links":{"self":[{"href":"https:\/\/www.printweb.de\/digitaldruck\/wp-json\/wp\/v2\/posts\/9356"}],"collection":[{"href":"https:\/\/www.printweb.de\/digitaldruck\/wp-json\/wp\/v2\/posts"}],"about":[{"href":"https:\/\/www.printweb.de\/digitaldruck\/wp-json\/wp\/v2\/types\/post"}],"author":[{"embeddable":true,"href":"https:\/\/www.printweb.de\/digitaldruck\/wp-json\/wp\/v2\/users\/2"}],"replies":[{"embeddable":true,"href":"https:\/\/www.printweb.de\/digitaldruck\/wp-json\/wp\/v2\/comments?post=9356"}],"version-history":[{"count":4,"href":"https:\/\/www.printweb.de\/digitaldruck\/wp-json\/wp\/v2\/posts\/9356\/revisions"}],"predecessor-version":[{"id":9360,"href":"https:\/\/www.printweb.de\/digitaldruck\/wp-json\/wp\/v2\/posts\/9356\/revisions\/9360"}],"wp:featuredmedia":[{"embeddable":true,"href":"https:\/\/www.printweb.de\/digitaldruck\/wp-json\/wp\/v2\/media\/9357"}],"wp:attachment":[{"href":"https:\/\/www.printweb.de\/digitaldruck\/wp-json\/wp\/v2\/media?parent=9356"}],"wp:term":[{"taxonomy":"category","embeddable":true,"href":"https:\/\/www.printweb.de\/digitaldruck\/wp-json\/wp\/v2\/categories?post=9356"},{"taxonomy":"post_tag","embeddable":true,"href":"https:\/\/www.printweb.de\/digitaldruck\/wp-json\/wp\/v2\/tags?post=9356"}],"curies":[{"name":"wp","href":"https:\/\/api.w.org\/{rel}","templated":true}]}}