{"id":9636,"date":"2014-03-04T15:55:49","date_gmt":"2014-03-04T14:55:49","guid":{"rendered":"https:\/\/www.printweb.de\/digitaldruck\/?p=9636"},"modified":"2014-03-04T16:05:48","modified_gmt":"2014-03-04T15:05:48","slug":"meine-ganz-persoenliche-art-der-weiterbildung","status":"publish","type":"post","link":"https:\/\/www.printweb.de\/digitaldruck\/meine-ganz-persoenliche-art-der-weiterbildung\/9636\/","title":{"rendered":"Meine ganz pers\u00f6nliche Art der ..."},"content":{"rendered":"<p>Vor etwa einem Jahr habe ich im KMU-Marketing-Blog von Frank B\u00e4rmann einen Gastartikel \u00fcber <a title=\"Spannende Mailing- und Printideen - ganz besonders im Digitaldruck\" href=\"http:\/\/www.kmu-marketing-blog.de\/2013\/02\/spannende-mailing-und-print-ideen-fur-kmu\/\" target=\"_blank\">spannende Mailing- und Print-Ideen<\/a> ver\u00f6ffentlicht.\u00a0 Nun hat mein Blogger-Kollege <a href=\"http:\/\/www.weiterbildungsblogger.de\/2924-blogparade-meine-personliche-art-der-weiterbildung\/\" target=\"_blank\" class=\"broken_link\">eine Blogparade gestartet<\/a>, die ganz im Zeichen der pers\u00f6nlichen Weiterbildung steht. Frank m\u00f6chte wissen, wie andere das Thema Weiterbildung verstehen und wie sich selbst weiterbilden. Dazu kann ich an dieser Stelle gerne etwas sagen:<\/p>\n<p>In einer Branche, die seit mehr als 20 Jahren einen technologischen Umbruch nach dem anderen erlebt, ist die pers\u00f6nliche Weiterbildung (\u00fcber-)lebensnotwendig. Ich lese nat\u00fcrlich die eine oder andere Fachzeitschrift (Druck + Medien, LFP, Print + Produktion etc.) und besuche auch ein oder zwei Messen pro Jahr. Als besonders informativ und dank der \u201e\u00dcbersichtlichkeit\u201d und N\u00e4he hat sich die Druck + Form in Sinsheim herausgestellt. Und in gr\u00f6\u00dferen Abst\u00e4nden ist nat\u00fcrlich die DRUPA in D\u00fcsseldorf Pflichttermin.<\/p>\n<p>Beinahe t\u00e4glich recherchiere ich Fachthemen \u00fcber eine der bekannten Suchmaschinen und erhalte so einen guten Eindruck, was die Branche (technisch) so umtreibt. Zwei mal im Jahr treffe ich 10 Kollegen aus der Branche, die allerdings komplett andere Gesch\u00e4ftsmodelle verfolgen und bekomme so einen sehr pers\u00f6nlichen \u201eBlick \u00fcber den Tellerrand\u201d hinaus.<\/p>\n<p>Wichtiger und arbeitsintensiver finde ich allerdings die Fortbildung in Bezug auf Marketing und Vertrieb. Nahezu alle Handwerker (und als Spezialdruckdienstleister verstehen wir uns als solche)\u00a0 sind wahre Meister ihres Fachgebietes und im Bereich der Vermarktung ihrer F\u00e4higkeiten doch h\u00e4ufig nur Laien oder doch zumindest Semiprofis.<\/p>\n<p>Aus diesem Grund (und aus Interesse) habe ich mir in den vergangenen Jahren ein durchaus umfangreiches Basiswissen \u00fcber (Online-)-Marketing, Lettershop, Suchmaschinenoptimierung, Social Media etc. angeeignet. Und hier spielen Fachb\u00fccher und Fachblogs de erste Geige in der Informationsvermittlung \u2013 keine Veranstaltungen wie z. B. Messen oder Seminare. Das letzte Buch zum Thema war die \u201eOnline-Marketing-Attacke\u201d von <a href=\"http:\/\/www.texterclub.de\/\">Stefan Gottschling<\/a>. So kann ich mit den f\u00fcr uns arbeitenden Fachleuten zumindest dar\u00fcber diskutieren, ob die eine oder andere Ma\u00dfnahme so ihren Zweck erf\u00fcllt \u2013 und in diesen Diskussionen wieder Neues zum Thema erfahren und in meine pers\u00f6nliche Wissensdatenbank einbauen.<\/p>\n<p>Soweit mein kleiner Blick hinter die Kulissen. Wie sehen Sie das, welche Art der Weiterbildung nutzen Sie (regelm\u00e4\u00dfig)? Hinterlassen Sie doch einen kurzen Kommentar oder nehmen Sie selbst an der Blogparade im <a href=\"http:\/\/www.weiterbildungsblogger.de\" target=\"_blank\" class=\"broken_link\">Weiterbildungsblogger<\/a> teil!<\/p>\n","protected":false},"excerpt":{"rendered":"Vor etwa einem Jahr habe ich im KMU-Marketing-Blog von Frank B\u00e4rmann einen Gastartikel \u00fcber spannende Mailing- und Print-Ideen &#8230; <br><br><a class=\"readmore\" href=\"https:\/\/www.printweb.de\/digitaldruck\/meine-ganz-persoenliche-art-der-weiterbildung\/9636\/\">mehr<\/a>","protected":false},"author":2,"featured_media":11574,"comment_status":"open","ping_status":"open","sticky":false,"template":"","format":"standard","meta":{"_acf_changed":false,"footnotes":""},"categories":[1,30],"tags":[],"class_list":["post-9636","post","type-post","status-publish","format-standard","has-post-thumbnail","hentry","category-alle-beitraege","category-passiert-notiert"],"acf":[],"yoast_head":"<!-- This site is optimized with the Yoast SEO plugin v23.1 - https:\/\/yoast.com\/wordpress\/plugins\/seo\/ -->\n<title>Meine ganz pers\u00f6nliche Art der Weiterbildung | Was Print bewirken kann.<\/title>\n<meta name=\"robots\" content=\"index, follow, max-snippet:-1, max-image-preview:large, max-video-preview:-1\" \/>\n<link rel=\"canonical\" href=\"https:\/\/www.printweb.de\/digitaldruck\/meine-ganz-persoenliche-art-der-weiterbildung\/9636\/\" \/>\n<meta property=\"og:locale\" content=\"de_DE\" \/>\n<meta property=\"og:type\" content=\"article\" \/>\n<meta property=\"og:title\" content=\"Meine ganz pers\u00f6nliche Art der Weiterbildung | Was Print bewirken kann.\" \/>\n<meta property=\"og:description\" content=\"Vor etwa einem Jahr habe ich im KMU-Marketing-Blog von Frank B\u00e4rmann einen Gastartikel \u00fcber spannende Mailing- und Print-Ideen ... mehr\" \/>\n<meta property=\"og:url\" content=\"https:\/\/www.printweb.de\/digitaldruck\/meine-ganz-persoenliche-art-der-weiterbildung\/9636\/\" \/>\n<meta property=\"og:site_name\" content=\"Was Print bewirken kann.\" \/>\n<meta property=\"article:publisher\" content=\"https:\/\/www.facebook.com\/printweb.de\/\" \/>\n<meta property=\"article:published_time\" content=\"2014-03-04T14:55:49+00:00\" \/>\n<meta property=\"article:modified_time\" content=\"2014-03-04T15:05:48+00:00\" \/>\n<meta property=\"og:image\" content=\"https:\/\/www.printweb.de\/digitaldruck\/wp-content\/uploads\/2015\/07\/col_blog_ph.jpg\" \/>\n\t<meta property=\"og:image:width\" content=\"683\" \/>\n\t<meta property=\"og:image:height\" content=\"437\" \/>\n\t<meta property=\"og:image:type\" content=\"image\/jpeg\" \/>\n<meta name=\"author\" content=\"Ralph Hadem\" \/>\n<meta name=\"twitter:card\" content=\"summary_large_image\" \/>\n<meta name=\"twitter:creator\" content=\"@digitaldruck\" \/>\n<meta name=\"twitter:site\" content=\"@digitaldruck\" \/>\n<meta name=\"twitter:label1\" content=\"Verfasst von\" \/>\n\t<meta name=\"twitter:data1\" content=\"Ralph Hadem\" \/>\n\t<meta name=\"twitter:label2\" content=\"Gesch\u00e4tzte Lesezeit\" \/>\n\t<meta name=\"twitter:data2\" content=\"2 Minuten\" \/>\n<script type=\"application\/ld+json\" class=\"yoast-schema-graph\">{\"@context\":\"https:\/\/schema.org\",\"@graph\":[{\"@type\":\"Article\",\"@id\":\"https:\/\/www.printweb.de\/digitaldruck\/meine-ganz-persoenliche-art-der-weiterbildung\/9636\/#article\",\"isPartOf\":{\"@id\":\"https:\/\/www.printweb.de\/digitaldruck\/meine-ganz-persoenliche-art-der-weiterbildung\/9636\/\"},\"author\":{\"name\":\"Ralph Hadem\",\"@id\":\"https:\/\/www.printweb.de\/digitaldruck\/#\/schema\/person\/0e0308818185589fb8602180e9273195\"},\"headline\":\"Meine ganz pers\u00f6nliche Art der ...\",\"datePublished\":\"2014-03-04T14:55:49+00:00\",\"dateModified\":\"2014-03-04T15:05:48+00:00\",\"mainEntityOfPage\":{\"@id\":\"https:\/\/www.printweb.de\/digitaldruck\/meine-ganz-persoenliche-art-der-weiterbildung\/9636\/\"},\"wordCount\":381,\"commentCount\":2,\"publisher\":{\"@id\":\"https:\/\/www.printweb.de\/digitaldruck\/#organization\"},\"image\":{\"@id\":\"https:\/\/www.printweb.de\/digitaldruck\/meine-ganz-persoenliche-art-der-weiterbildung\/9636\/#primaryimage\"},\"thumbnailUrl\":\"https:\/\/www.printweb.de\/digitaldruck\/wp-content\/uploads\/2015\/07\/col_blog_ph.jpg\",\"articleSection\":[\"Digitaldruck+Veredlung\",\"Passiert - notiert\"],\"inLanguage\":\"de-DE\",\"potentialAction\":[{\"@type\":\"CommentAction\",\"name\":\"Comment\",\"target\":[\"https:\/\/www.printweb.de\/digitaldruck\/meine-ganz-persoenliche-art-der-weiterbildung\/9636\/#respond\"]}]},{\"@type\":\"WebPage\",\"@id\":\"https:\/\/www.printweb.de\/digitaldruck\/meine-ganz-persoenliche-art-der-weiterbildung\/9636\/\",\"url\":\"https:\/\/www.printweb.de\/digitaldruck\/meine-ganz-persoenliche-art-der-weiterbildung\/9636\/\",\"name\":\"Meine ganz pers\u00f6nliche Art der Weiterbildung | Was Print bewirken kann.\",\"isPartOf\":{\"@id\":\"https:\/\/www.printweb.de\/digitaldruck\/#website\"},\"primaryImageOfPage\":{\"@id\":\"https:\/\/www.printweb.de\/digitaldruck\/meine-ganz-persoenliche-art-der-weiterbildung\/9636\/#primaryimage\"},\"image\":{\"@id\":\"https:\/\/www.printweb.de\/digitaldruck\/meine-ganz-persoenliche-art-der-weiterbildung\/9636\/#primaryimage\"},\"thumbnailUrl\":\"https:\/\/www.printweb.de\/digitaldruck\/wp-content\/uploads\/2015\/07\/col_blog_ph.jpg\",\"datePublished\":\"2014-03-04T14:55:49+00:00\",\"dateModified\":\"2014-03-04T15:05:48+00:00\",\"inLanguage\":\"de-DE\",\"potentialAction\":[{\"@type\":\"ReadAction\",\"target\":[\"https:\/\/www.printweb.de\/digitaldruck\/meine-ganz-persoenliche-art-der-weiterbildung\/9636\/\"]}]},{\"@type\":\"ImageObject\",\"inLanguage\":\"de-DE\",\"@id\":\"https:\/\/www.printweb.de\/digitaldruck\/meine-ganz-persoenliche-art-der-weiterbildung\/9636\/#primaryimage\",\"url\":\"https:\/\/www.printweb.de\/digitaldruck\/wp-content\/uploads\/2015\/07\/col_blog_ph.jpg\",\"contentUrl\":\"https:\/\/www.printweb.de\/digitaldruck\/wp-content\/uploads\/2015\/07\/col_blog_ph.jpg\",\"width\":683,\"height\":437},{\"@type\":\"WebSite\",\"@id\":\"https:\/\/www.printweb.de\/digitaldruck\/#website\",\"url\":\"https:\/\/www.printweb.de\/digitaldruck\/\",\"name\":\"Was Print bewirken kann.\",\"description\":\"Was Print bewirken kann \u2013 1700 Ideen.\",\"publisher\":{\"@id\":\"https:\/\/www.printweb.de\/digitaldruck\/#organization\"},\"potentialAction\":[{\"@type\":\"SearchAction\",\"target\":{\"@type\":\"EntryPoint\",\"urlTemplate\":\"https:\/\/www.printweb.de\/digitaldruck\/?s={search_term_string}\"},\"query-input\":\"required name=search_term_string\"}],\"inLanguage\":\"de-DE\"},{\"@type\":\"Organization\",\"@id\":\"https:\/\/www.printweb.de\/digitaldruck\/#organization\",\"name\":\"Colour Connection GmbH, printweb.de, Frankfurt am Main\",\"url\":\"https:\/\/www.printweb.de\/digitaldruck\/\",\"logo\":{\"@type\":\"ImageObject\",\"inLanguage\":\"de-DE\",\"@id\":\"https:\/\/www.printweb.de\/digitaldruck\/#\/schema\/logo\/image\/\",\"url\":\"https:\/\/www.printweb.de\/digitaldruck\/wp-content\/uploads\/2019\/11\/colour-connectio-printweb-logo.jpg\",\"contentUrl\":\"https:\/\/www.printweb.de\/digitaldruck\/wp-content\/uploads\/2019\/11\/colour-connectio-printweb-logo.jpg\",\"width\":1014,\"height\":229,\"caption\":\"Colour Connection GmbH, printweb.de, Frankfurt am Main\"},\"image\":{\"@id\":\"https:\/\/www.printweb.de\/digitaldruck\/#\/schema\/logo\/image\/\"},\"sameAs\":[\"https:\/\/www.facebook.com\/printweb.de\/\",\"https:\/\/x.com\/digitaldruck\",\"https:\/\/www.instagram.com\/printweb.de\/\",\"https:\/\/www.youtube.com\/user\/Digitaldruckerei\"]},{\"@type\":\"Person\",\"@id\":\"https:\/\/www.printweb.de\/digitaldruck\/#\/schema\/person\/0e0308818185589fb8602180e9273195\",\"name\":\"Ralph Hadem\",\"image\":{\"@type\":\"ImageObject\",\"inLanguage\":\"de-DE\",\"@id\":\"https:\/\/www.printweb.de\/digitaldruck\/#\/schema\/person\/image\/\",\"url\":\"https:\/\/secure.gravatar.com\/avatar\/386b1b183dce310c5ac8a8f475fdecd8?s=96&d=blank&r=g\",\"contentUrl\":\"https:\/\/secure.gravatar.com\/avatar\/386b1b183dce310c5ac8a8f475fdecd8?s=96&d=blank&r=g\",\"caption\":\"Ralph Hadem\"},\"sameAs\":[\"https:\/\/www.printweb.de\"],\"url\":\"https:\/\/www.printweb.de\/digitaldruck\/author\/ralphhadem\/\"}]}<\/script>\n<!-- \/ Yoast SEO plugin. -->","yoast_head_json":{"title":"Meine ganz pers\u00f6nliche Art der Weiterbildung | Was Print bewirken kann.","robots":{"index":"index","follow":"follow","max-snippet":"max-snippet:-1","max-image-preview":"max-image-preview:large","max-video-preview":"max-video-preview:-1"},"canonical":"https:\/\/www.printweb.de\/digitaldruck\/meine-ganz-persoenliche-art-der-weiterbildung\/9636\/","og_locale":"de_DE","og_type":"article","og_title":"Meine ganz pers\u00f6nliche Art der Weiterbildung | Was Print bewirken kann.","og_description":"Vor etwa einem Jahr habe ich im KMU-Marketing-Blog von Frank B\u00e4rmann einen Gastartikel \u00fcber spannende Mailing- und Print-Ideen ... mehr","og_url":"https:\/\/www.printweb.de\/digitaldruck\/meine-ganz-persoenliche-art-der-weiterbildung\/9636\/","og_site_name":"Was Print bewirken kann.","article_publisher":"https:\/\/www.facebook.com\/printweb.de\/","article_published_time":"2014-03-04T14:55:49+00:00","article_modified_time":"2014-03-04T15:05:48+00:00","og_image":[{"width":683,"height":437,"url":"https:\/\/www.printweb.de\/digitaldruck\/wp-content\/uploads\/2015\/07\/col_blog_ph.jpg","type":"image\/jpeg"}],"author":"Ralph Hadem","twitter_card":"summary_large_image","twitter_creator":"@digitaldruck","twitter_site":"@digitaldruck","twitter_misc":{"Verfasst von":"Ralph Hadem","Gesch\u00e4tzte Lesezeit":"2 Minuten"},"schema":{"@context":"https:\/\/schema.org","@graph":[{"@type":"Article","@id":"https:\/\/www.printweb.de\/digitaldruck\/meine-ganz-persoenliche-art-der-weiterbildung\/9636\/#article","isPartOf":{"@id":"https:\/\/www.printweb.de\/digitaldruck\/meine-ganz-persoenliche-art-der-weiterbildung\/9636\/"},"author":{"name":"Ralph Hadem","@id":"https:\/\/www.printweb.de\/digitaldruck\/#\/schema\/person\/0e0308818185589fb8602180e9273195"},"headline":"Meine ganz pers\u00f6nliche Art der ...","datePublished":"2014-03-04T14:55:49+00:00","dateModified":"2014-03-04T15:05:48+00:00","mainEntityOfPage":{"@id":"https:\/\/www.printweb.de\/digitaldruck\/meine-ganz-persoenliche-art-der-weiterbildung\/9636\/"},"wordCount":381,"commentCount":2,"publisher":{"@id":"https:\/\/www.printweb.de\/digitaldruck\/#organization"},"image":{"@id":"https:\/\/www.printweb.de\/digitaldruck\/meine-ganz-persoenliche-art-der-weiterbildung\/9636\/#primaryimage"},"thumbnailUrl":"https:\/\/www.printweb.de\/digitaldruck\/wp-content\/uploads\/2015\/07\/col_blog_ph.jpg","articleSection":["Digitaldruck+Veredlung","Passiert - notiert"],"inLanguage":"de-DE","potentialAction":[{"@type":"CommentAction","name":"Comment","target":["https:\/\/www.printweb.de\/digitaldruck\/meine-ganz-persoenliche-art-der-weiterbildung\/9636\/#respond"]}]},{"@type":"WebPage","@id":"https:\/\/www.printweb.de\/digitaldruck\/meine-ganz-persoenliche-art-der-weiterbildung\/9636\/","url":"https:\/\/www.printweb.de\/digitaldruck\/meine-ganz-persoenliche-art-der-weiterbildung\/9636\/","name":"Meine ganz pers\u00f6nliche Art der Weiterbildung | Was Print bewirken kann.","isPartOf":{"@id":"https:\/\/www.printweb.de\/digitaldruck\/#website"},"primaryImageOfPage":{"@id":"https:\/\/www.printweb.de\/digitaldruck\/meine-ganz-persoenliche-art-der-weiterbildung\/9636\/#primaryimage"},"image":{"@id":"https:\/\/www.printweb.de\/digitaldruck\/meine-ganz-persoenliche-art-der-weiterbildung\/9636\/#primaryimage"},"thumbnailUrl":"https:\/\/www.printweb.de\/digitaldruck\/wp-content\/uploads\/2015\/07\/col_blog_ph.jpg","datePublished":"2014-03-04T14:55:49+00:00","dateModified":"2014-03-04T15:05:48+00:00","inLanguage":"de-DE","potentialAction":[{"@type":"ReadAction","target":["https:\/\/www.printweb.de\/digitaldruck\/meine-ganz-persoenliche-art-der-weiterbildung\/9636\/"]}]},{"@type":"ImageObject","inLanguage":"de-DE","@id":"https:\/\/www.printweb.de\/digitaldruck\/meine-ganz-persoenliche-art-der-weiterbildung\/9636\/#primaryimage","url":"https:\/\/www.printweb.de\/digitaldruck\/wp-content\/uploads\/2015\/07\/col_blog_ph.jpg","contentUrl":"https:\/\/www.printweb.de\/digitaldruck\/wp-content\/uploads\/2015\/07\/col_blog_ph.jpg","width":683,"height":437},{"@type":"WebSite","@id":"https:\/\/www.printweb.de\/digitaldruck\/#website","url":"https:\/\/www.printweb.de\/digitaldruck\/","name":"Was Print bewirken kann.","description":"Was Print bewirken kann \u2013 1700 Ideen.","publisher":{"@id":"https:\/\/www.printweb.de\/digitaldruck\/#organization"},"potentialAction":[{"@type":"SearchAction","target":{"@type":"EntryPoint","urlTemplate":"https:\/\/www.printweb.de\/digitaldruck\/?s={search_term_string}"},"query-input":"required name=search_term_string"}],"inLanguage":"de-DE"},{"@type":"Organization","@id":"https:\/\/www.printweb.de\/digitaldruck\/#organization","name":"Colour Connection GmbH, printweb.de, Frankfurt am Main","url":"https:\/\/www.printweb.de\/digitaldruck\/","logo":{"@type":"ImageObject","inLanguage":"de-DE","@id":"https:\/\/www.printweb.de\/digitaldruck\/#\/schema\/logo\/image\/","url":"https:\/\/www.printweb.de\/digitaldruck\/wp-content\/uploads\/2019\/11\/colour-connectio-printweb-logo.jpg","contentUrl":"https:\/\/www.printweb.de\/digitaldruck\/wp-content\/uploads\/2019\/11\/colour-connectio-printweb-logo.jpg","width":1014,"height":229,"caption":"Colour Connection GmbH, printweb.de, Frankfurt am Main"},"image":{"@id":"https:\/\/www.printweb.de\/digitaldruck\/#\/schema\/logo\/image\/"},"sameAs":["https:\/\/www.facebook.com\/printweb.de\/","https:\/\/x.com\/digitaldruck","https:\/\/www.instagram.com\/printweb.de\/","https:\/\/www.youtube.com\/user\/Digitaldruckerei"]},{"@type":"Person","@id":"https:\/\/www.printweb.de\/digitaldruck\/#\/schema\/person\/0e0308818185589fb8602180e9273195","name":"Ralph Hadem","image":{"@type":"ImageObject","inLanguage":"de-DE","@id":"https:\/\/www.printweb.de\/digitaldruck\/#\/schema\/person\/image\/","url":"https:\/\/secure.gravatar.com\/avatar\/386b1b183dce310c5ac8a8f475fdecd8?s=96&d=blank&r=g","contentUrl":"https:\/\/secure.gravatar.com\/avatar\/386b1b183dce310c5ac8a8f475fdecd8?s=96&d=blank&r=g","caption":"Ralph Hadem"},"sameAs":["https:\/\/www.printweb.de"],"url":"https:\/\/www.printweb.de\/digitaldruck\/author\/ralphhadem\/"}]}},"_links":{"self":[{"href":"https:\/\/www.printweb.de\/digitaldruck\/wp-json\/wp\/v2\/posts\/9636"}],"collection":[{"href":"https:\/\/www.printweb.de\/digitaldruck\/wp-json\/wp\/v2\/posts"}],"about":[{"href":"https:\/\/www.printweb.de\/digitaldruck\/wp-json\/wp\/v2\/types\/post"}],"author":[{"embeddable":true,"href":"https:\/\/www.printweb.de\/digitaldruck\/wp-json\/wp\/v2\/users\/2"}],"replies":[{"embeddable":true,"href":"https:\/\/www.printweb.de\/digitaldruck\/wp-json\/wp\/v2\/comments?post=9636"}],"version-history":[{"count":18,"href":"https:\/\/www.printweb.de\/digitaldruck\/wp-json\/wp\/v2\/posts\/9636\/revisions"}],"predecessor-version":[{"id":9653,"href":"https:\/\/www.printweb.de\/digitaldruck\/wp-json\/wp\/v2\/posts\/9636\/revisions\/9653"}],"wp:featuredmedia":[{"embeddable":true,"href":"https:\/\/www.printweb.de\/digitaldruck\/wp-json\/wp\/v2\/media\/11574"}],"wp:attachment":[{"href":"https:\/\/www.printweb.de\/digitaldruck\/wp-json\/wp\/v2\/media?parent=9636"}],"wp:term":[{"taxonomy":"category","embeddable":true,"href":"https:\/\/www.printweb.de\/digitaldruck\/wp-json\/wp\/v2\/categories?post=9636"},{"taxonomy":"post_tag","embeddable":true,"href":"https:\/\/www.printweb.de\/digitaldruck\/wp-json\/wp\/v2\/tags?post=9636"}],"curies":[{"name":"wp","href":"https:\/\/api.w.org\/{rel}","templated":true}]}}