{"id":987,"date":"2009-02-26T15:00:54","date_gmt":"2009-02-26T14:00:54","guid":{"rendered":"https:\/\/www.printweb.de\/digitaldruck\/?p=987"},"modified":"2012-08-27T14:57:14","modified_gmt":"2012-08-27T12:57:14","slug":"register-koennen-auch-schoen-sein","status":"publish","type":"post","link":"https:\/\/www.printweb.de\/digitaldruck\/register-koennen-auch-schoen-sein\/987\/","title":{"rendered":"Register k\u00f6nnen auch sch\u00f6n sein"},"content":{"rendered":"<p>Register werden genutzt, um eine gr\u00f6\u00dfere Menge Seiten in einzelne logische Bl\u00f6cke zu unterteilen. So ist es f\u00fcr den Benutzer einfacher, die gesuchten Stellen in einem umfangreichen Werk aufzufinden. Diese eher sachliche Aufgabe erf\u00fcllen Register auch in der Regel mit einem angepassten, sachlichen Auftritt. Kurz und gut: Register sind praktisch aber selten anspruchsvoll gestaltet. Das folgende Bild haben wir bei <a href=\"http:\/\/www.formfiftyfive.com\" target=\"_blank\" class=\"broken_link\">formfiftyfive<\/a> gefunden.<\/p>\n<p style=\"text-align: center;\"><img decoding=\"async\" class=\"aligncenter size-thumbnail wp-image-988\" title=\"register\" src=\"https:\/\/www.printweb.de\/digitaldruck\/wp-content\/uploads\/2009\/02\/register.jpg\" alt=\"register\" width=\"480\" srcset=\"https:\/\/www.printweb.de\/digitaldruck\/wp-content\/uploads\/2009\/02\/register.jpg 480w, https:\/\/www.printweb.de\/digitaldruck\/wp-content\/uploads\/2009\/02\/register-320x240.jpg 320w\" sizes=\"(max-width: 480px) 100vw, 480px\" \/><\/p>\n<p>Hier ist sch\u00f6n zu erkennen, wie mit vergleichsweise einfachen Mitteln eine attraktive Gestaltung zu realisieren ist. <!--more-->Wir stanzen Ihnen Register mit beliebiger Unterteilung in Ihre Wunschmaterialien. Bedruckt oder auch unbedruckt. Einige Preise f\u00fcr \u201enormale\u201d Register <a href=\"https:\/\/www.printweb.de\/Produkte\/Digitaldruck-Booklets\/Register\/Registersaetze.html\" target=\"_blank\">finden Sie hier<\/a>. Aber scheuen Sie sich nicht, ungew\u00f6hnliche Materialien zum Beispiel aus dem Hause <a href=\"http:\/\/www.gmund.com\" target=\"_blank\">Gmund<\/a> oder auch Kunststoffe bei uns anzufragen. Muster und Dummies vorab lassen sich mit kleinem Budget realisieren.<\/p>\n","protected":false},"excerpt":{"rendered":"Register werden genutzt, um eine gr\u00f6\u00dfere Menge Seiten in einzelne logische Bl\u00f6cke zu unterteilen. So ist es f\u00fcr &#8230; <br><br><a class=\"readmore\" href=\"https:\/\/www.printweb.de\/digitaldruck\/register-koennen-auch-schoen-sein\/987\/\">mehr<\/a>","protected":false},"author":2,"featured_media":988,"comment_status":"open","ping_status":"open","sticky":false,"template":"","format":"standard","meta":{"_acf_changed":false,"footnotes":""},"categories":[1,50],"tags":[],"class_list":["post-987","post","type-post","status-publish","format-standard","has-post-thumbnail","hentry","category-alle-beitraege","category-digitale-stanze"],"acf":[],"yoast_head":"<!-- This site is optimized with the Yoast SEO plugin v23.1 - https:\/\/yoast.com\/wordpress\/plugins\/seo\/ -->\n<title>Register k\u00f6nnen auch sch\u00f6n sein | Was Print bewirken kann.<\/title>\n<meta name=\"robots\" content=\"index, follow, max-snippet:-1, max-image-preview:large, max-video-preview:-1\" \/>\n<link rel=\"canonical\" href=\"https:\/\/www.printweb.de\/digitaldruck\/register-koennen-auch-schoen-sein\/987\/\" \/>\n<meta property=\"og:locale\" content=\"de_DE\" \/>\n<meta property=\"og:type\" content=\"article\" \/>\n<meta property=\"og:title\" content=\"Register k\u00f6nnen auch sch\u00f6n sein | Was Print bewirken kann.\" \/>\n<meta property=\"og:description\" content=\"Register werden genutzt, um eine gr\u00f6\u00dfere Menge Seiten in einzelne logische Bl\u00f6cke zu unterteilen. So ist es f\u00fcr ... mehr\" \/>\n<meta property=\"og:url\" content=\"https:\/\/www.printweb.de\/digitaldruck\/register-koennen-auch-schoen-sein\/987\/\" \/>\n<meta property=\"og:site_name\" content=\"Was Print bewirken kann.\" \/>\n<meta property=\"article:publisher\" content=\"https:\/\/www.facebook.com\/printweb.de\/\" \/>\n<meta property=\"article:published_time\" content=\"2009-02-26T14:00:54+00:00\" \/>\n<meta property=\"article:modified_time\" content=\"2012-08-27T12:57:14+00:00\" \/>\n<meta property=\"og:image\" content=\"https:\/\/www.printweb.de\/digitaldruck\/wp-content\/uploads\/2009\/02\/register.jpg\" \/>\n\t<meta property=\"og:image:width\" content=\"480\" \/>\n\t<meta property=\"og:image:height\" content=\"360\" \/>\n\t<meta property=\"og:image:type\" content=\"image\/jpeg\" \/>\n<meta name=\"author\" content=\"Ralph Hadem\" \/>\n<meta name=\"twitter:card\" content=\"summary_large_image\" \/>\n<meta name=\"twitter:creator\" content=\"@digitaldruck\" \/>\n<meta name=\"twitter:site\" content=\"@digitaldruck\" \/>\n<meta name=\"twitter:label1\" content=\"Verfasst von\" \/>\n\t<meta name=\"twitter:data1\" content=\"Ralph Hadem\" \/>\n\t<meta name=\"twitter:label2\" content=\"Gesch\u00e4tzte Lesezeit\" \/>\n\t<meta name=\"twitter:data2\" content=\"1 Minute\" \/>\n<script type=\"application\/ld+json\" class=\"yoast-schema-graph\">{\"@context\":\"https:\/\/schema.org\",\"@graph\":[{\"@type\":\"Article\",\"@id\":\"https:\/\/www.printweb.de\/digitaldruck\/register-koennen-auch-schoen-sein\/987\/#article\",\"isPartOf\":{\"@id\":\"https:\/\/www.printweb.de\/digitaldruck\/register-koennen-auch-schoen-sein\/987\/\"},\"author\":{\"name\":\"Ralph Hadem\",\"@id\":\"https:\/\/www.printweb.de\/digitaldruck\/#\/schema\/person\/0e0308818185589fb8602180e9273195\"},\"headline\":\"Register k\u00f6nnen auch sch\u00f6n sein\",\"datePublished\":\"2009-02-26T14:00:54+00:00\",\"dateModified\":\"2012-08-27T12:57:14+00:00\",\"mainEntityOfPage\":{\"@id\":\"https:\/\/www.printweb.de\/digitaldruck\/register-koennen-auch-schoen-sein\/987\/\"},\"wordCount\":143,\"commentCount\":0,\"publisher\":{\"@id\":\"https:\/\/www.printweb.de\/digitaldruck\/#organization\"},\"image\":{\"@id\":\"https:\/\/www.printweb.de\/digitaldruck\/register-koennen-auch-schoen-sein\/987\/#primaryimage\"},\"thumbnailUrl\":\"https:\/\/www.printweb.de\/digitaldruck\/wp-content\/uploads\/2009\/02\/register.jpg\",\"articleSection\":[\"Digitaldruck+Veredlung\",\"Digitale Stanze\"],\"inLanguage\":\"de-DE\",\"potentialAction\":[{\"@type\":\"CommentAction\",\"name\":\"Comment\",\"target\":[\"https:\/\/www.printweb.de\/digitaldruck\/register-koennen-auch-schoen-sein\/987\/#respond\"]}]},{\"@type\":\"WebPage\",\"@id\":\"https:\/\/www.printweb.de\/digitaldruck\/register-koennen-auch-schoen-sein\/987\/\",\"url\":\"https:\/\/www.printweb.de\/digitaldruck\/register-koennen-auch-schoen-sein\/987\/\",\"name\":\"Register k\u00f6nnen auch sch\u00f6n sein | Was Print bewirken kann.\",\"isPartOf\":{\"@id\":\"https:\/\/www.printweb.de\/digitaldruck\/#website\"},\"primaryImageOfPage\":{\"@id\":\"https:\/\/www.printweb.de\/digitaldruck\/register-koennen-auch-schoen-sein\/987\/#primaryimage\"},\"image\":{\"@id\":\"https:\/\/www.printweb.de\/digitaldruck\/register-koennen-auch-schoen-sein\/987\/#primaryimage\"},\"thumbnailUrl\":\"https:\/\/www.printweb.de\/digitaldruck\/wp-content\/uploads\/2009\/02\/register.jpg\",\"datePublished\":\"2009-02-26T14:00:54+00:00\",\"dateModified\":\"2012-08-27T12:57:14+00:00\",\"inLanguage\":\"de-DE\",\"potentialAction\":[{\"@type\":\"ReadAction\",\"target\":[\"https:\/\/www.printweb.de\/digitaldruck\/register-koennen-auch-schoen-sein\/987\/\"]}]},{\"@type\":\"ImageObject\",\"inLanguage\":\"de-DE\",\"@id\":\"https:\/\/www.printweb.de\/digitaldruck\/register-koennen-auch-schoen-sein\/987\/#primaryimage\",\"url\":\"https:\/\/www.printweb.de\/digitaldruck\/wp-content\/uploads\/2009\/02\/register.jpg\",\"contentUrl\":\"https:\/\/www.printweb.de\/digitaldruck\/wp-content\/uploads\/2009\/02\/register.jpg\",\"width\":480,\"height\":360},{\"@type\":\"WebSite\",\"@id\":\"https:\/\/www.printweb.de\/digitaldruck\/#website\",\"url\":\"https:\/\/www.printweb.de\/digitaldruck\/\",\"name\":\"Was Print bewirken kann.\",\"description\":\"Was Print bewirken kann \u2013 1700 Ideen.\",\"publisher\":{\"@id\":\"https:\/\/www.printweb.de\/digitaldruck\/#organization\"},\"potentialAction\":[{\"@type\":\"SearchAction\",\"target\":{\"@type\":\"EntryPoint\",\"urlTemplate\":\"https:\/\/www.printweb.de\/digitaldruck\/?s={search_term_string}\"},\"query-input\":\"required name=search_term_string\"}],\"inLanguage\":\"de-DE\"},{\"@type\":\"Organization\",\"@id\":\"https:\/\/www.printweb.de\/digitaldruck\/#organization\",\"name\":\"Colour Connection GmbH, printweb.de, Frankfurt am Main\",\"url\":\"https:\/\/www.printweb.de\/digitaldruck\/\",\"logo\":{\"@type\":\"ImageObject\",\"inLanguage\":\"de-DE\",\"@id\":\"https:\/\/www.printweb.de\/digitaldruck\/#\/schema\/logo\/image\/\",\"url\":\"https:\/\/www.printweb.de\/digitaldruck\/wp-content\/uploads\/2019\/11\/colour-connectio-printweb-logo.jpg\",\"contentUrl\":\"https:\/\/www.printweb.de\/digitaldruck\/wp-content\/uploads\/2019\/11\/colour-connectio-printweb-logo.jpg\",\"width\":1014,\"height\":229,\"caption\":\"Colour Connection GmbH, printweb.de, Frankfurt am Main\"},\"image\":{\"@id\":\"https:\/\/www.printweb.de\/digitaldruck\/#\/schema\/logo\/image\/\"},\"sameAs\":[\"https:\/\/www.facebook.com\/printweb.de\/\",\"https:\/\/x.com\/digitaldruck\",\"https:\/\/www.instagram.com\/printweb.de\/\",\"https:\/\/www.youtube.com\/user\/Digitaldruckerei\"]},{\"@type\":\"Person\",\"@id\":\"https:\/\/www.printweb.de\/digitaldruck\/#\/schema\/person\/0e0308818185589fb8602180e9273195\",\"name\":\"Ralph Hadem\",\"image\":{\"@type\":\"ImageObject\",\"inLanguage\":\"de-DE\",\"@id\":\"https:\/\/www.printweb.de\/digitaldruck\/#\/schema\/person\/image\/\",\"url\":\"https:\/\/secure.gravatar.com\/avatar\/386b1b183dce310c5ac8a8f475fdecd8?s=96&d=blank&r=g\",\"contentUrl\":\"https:\/\/secure.gravatar.com\/avatar\/386b1b183dce310c5ac8a8f475fdecd8?s=96&d=blank&r=g\",\"caption\":\"Ralph Hadem\"},\"sameAs\":[\"https:\/\/www.printweb.de\"],\"url\":\"https:\/\/www.printweb.de\/digitaldruck\/author\/ralphhadem\/\"}]}<\/script>\n<!-- \/ Yoast SEO plugin. -->","yoast_head_json":{"title":"Register k\u00f6nnen auch sch\u00f6n sein | Was Print bewirken kann.","robots":{"index":"index","follow":"follow","max-snippet":"max-snippet:-1","max-image-preview":"max-image-preview:large","max-video-preview":"max-video-preview:-1"},"canonical":"https:\/\/www.printweb.de\/digitaldruck\/register-koennen-auch-schoen-sein\/987\/","og_locale":"de_DE","og_type":"article","og_title":"Register k\u00f6nnen auch sch\u00f6n sein | Was Print bewirken kann.","og_description":"Register werden genutzt, um eine gr\u00f6\u00dfere Menge Seiten in einzelne logische Bl\u00f6cke zu unterteilen. So ist es f\u00fcr ... mehr","og_url":"https:\/\/www.printweb.de\/digitaldruck\/register-koennen-auch-schoen-sein\/987\/","og_site_name":"Was Print bewirken kann.","article_publisher":"https:\/\/www.facebook.com\/printweb.de\/","article_published_time":"2009-02-26T14:00:54+00:00","article_modified_time":"2012-08-27T12:57:14+00:00","og_image":[{"width":480,"height":360,"url":"https:\/\/www.printweb.de\/digitaldruck\/wp-content\/uploads\/2009\/02\/register.jpg","type":"image\/jpeg"}],"author":"Ralph Hadem","twitter_card":"summary_large_image","twitter_creator":"@digitaldruck","twitter_site":"@digitaldruck","twitter_misc":{"Verfasst von":"Ralph Hadem","Gesch\u00e4tzte Lesezeit":"1 Minute"},"schema":{"@context":"https:\/\/schema.org","@graph":[{"@type":"Article","@id":"https:\/\/www.printweb.de\/digitaldruck\/register-koennen-auch-schoen-sein\/987\/#article","isPartOf":{"@id":"https:\/\/www.printweb.de\/digitaldruck\/register-koennen-auch-schoen-sein\/987\/"},"author":{"name":"Ralph Hadem","@id":"https:\/\/www.printweb.de\/digitaldruck\/#\/schema\/person\/0e0308818185589fb8602180e9273195"},"headline":"Register k\u00f6nnen auch sch\u00f6n sein","datePublished":"2009-02-26T14:00:54+00:00","dateModified":"2012-08-27T12:57:14+00:00","mainEntityOfPage":{"@id":"https:\/\/www.printweb.de\/digitaldruck\/register-koennen-auch-schoen-sein\/987\/"},"wordCount":143,"commentCount":0,"publisher":{"@id":"https:\/\/www.printweb.de\/digitaldruck\/#organization"},"image":{"@id":"https:\/\/www.printweb.de\/digitaldruck\/register-koennen-auch-schoen-sein\/987\/#primaryimage"},"thumbnailUrl":"https:\/\/www.printweb.de\/digitaldruck\/wp-content\/uploads\/2009\/02\/register.jpg","articleSection":["Digitaldruck+Veredlung","Digitale Stanze"],"inLanguage":"de-DE","potentialAction":[{"@type":"CommentAction","name":"Comment","target":["https:\/\/www.printweb.de\/digitaldruck\/register-koennen-auch-schoen-sein\/987\/#respond"]}]},{"@type":"WebPage","@id":"https:\/\/www.printweb.de\/digitaldruck\/register-koennen-auch-schoen-sein\/987\/","url":"https:\/\/www.printweb.de\/digitaldruck\/register-koennen-auch-schoen-sein\/987\/","name":"Register k\u00f6nnen auch sch\u00f6n sein | Was Print bewirken kann.","isPartOf":{"@id":"https:\/\/www.printweb.de\/digitaldruck\/#website"},"primaryImageOfPage":{"@id":"https:\/\/www.printweb.de\/digitaldruck\/register-koennen-auch-schoen-sein\/987\/#primaryimage"},"image":{"@id":"https:\/\/www.printweb.de\/digitaldruck\/register-koennen-auch-schoen-sein\/987\/#primaryimage"},"thumbnailUrl":"https:\/\/www.printweb.de\/digitaldruck\/wp-content\/uploads\/2009\/02\/register.jpg","datePublished":"2009-02-26T14:00:54+00:00","dateModified":"2012-08-27T12:57:14+00:00","inLanguage":"de-DE","potentialAction":[{"@type":"ReadAction","target":["https:\/\/www.printweb.de\/digitaldruck\/register-koennen-auch-schoen-sein\/987\/"]}]},{"@type":"ImageObject","inLanguage":"de-DE","@id":"https:\/\/www.printweb.de\/digitaldruck\/register-koennen-auch-schoen-sein\/987\/#primaryimage","url":"https:\/\/www.printweb.de\/digitaldruck\/wp-content\/uploads\/2009\/02\/register.jpg","contentUrl":"https:\/\/www.printweb.de\/digitaldruck\/wp-content\/uploads\/2009\/02\/register.jpg","width":480,"height":360},{"@type":"WebSite","@id":"https:\/\/www.printweb.de\/digitaldruck\/#website","url":"https:\/\/www.printweb.de\/digitaldruck\/","name":"Was Print bewirken kann.","description":"Was Print bewirken kann \u2013 1700 Ideen.","publisher":{"@id":"https:\/\/www.printweb.de\/digitaldruck\/#organization"},"potentialAction":[{"@type":"SearchAction","target":{"@type":"EntryPoint","urlTemplate":"https:\/\/www.printweb.de\/digitaldruck\/?s={search_term_string}"},"query-input":"required name=search_term_string"}],"inLanguage":"de-DE"},{"@type":"Organization","@id":"https:\/\/www.printweb.de\/digitaldruck\/#organization","name":"Colour Connection GmbH, printweb.de, Frankfurt am Main","url":"https:\/\/www.printweb.de\/digitaldruck\/","logo":{"@type":"ImageObject","inLanguage":"de-DE","@id":"https:\/\/www.printweb.de\/digitaldruck\/#\/schema\/logo\/image\/","url":"https:\/\/www.printweb.de\/digitaldruck\/wp-content\/uploads\/2019\/11\/colour-connectio-printweb-logo.jpg","contentUrl":"https:\/\/www.printweb.de\/digitaldruck\/wp-content\/uploads\/2019\/11\/colour-connectio-printweb-logo.jpg","width":1014,"height":229,"caption":"Colour Connection GmbH, printweb.de, Frankfurt am Main"},"image":{"@id":"https:\/\/www.printweb.de\/digitaldruck\/#\/schema\/logo\/image\/"},"sameAs":["https:\/\/www.facebook.com\/printweb.de\/","https:\/\/x.com\/digitaldruck","https:\/\/www.instagram.com\/printweb.de\/","https:\/\/www.youtube.com\/user\/Digitaldruckerei"]},{"@type":"Person","@id":"https:\/\/www.printweb.de\/digitaldruck\/#\/schema\/person\/0e0308818185589fb8602180e9273195","name":"Ralph Hadem","image":{"@type":"ImageObject","inLanguage":"de-DE","@id":"https:\/\/www.printweb.de\/digitaldruck\/#\/schema\/person\/image\/","url":"https:\/\/secure.gravatar.com\/avatar\/386b1b183dce310c5ac8a8f475fdecd8?s=96&d=blank&r=g","contentUrl":"https:\/\/secure.gravatar.com\/avatar\/386b1b183dce310c5ac8a8f475fdecd8?s=96&d=blank&r=g","caption":"Ralph Hadem"},"sameAs":["https:\/\/www.printweb.de"],"url":"https:\/\/www.printweb.de\/digitaldruck\/author\/ralphhadem\/"}]}},"_links":{"self":[{"href":"https:\/\/www.printweb.de\/digitaldruck\/wp-json\/wp\/v2\/posts\/987"}],"collection":[{"href":"https:\/\/www.printweb.de\/digitaldruck\/wp-json\/wp\/v2\/posts"}],"about":[{"href":"https:\/\/www.printweb.de\/digitaldruck\/wp-json\/wp\/v2\/types\/post"}],"author":[{"embeddable":true,"href":"https:\/\/www.printweb.de\/digitaldruck\/wp-json\/wp\/v2\/users\/2"}],"replies":[{"embeddable":true,"href":"https:\/\/www.printweb.de\/digitaldruck\/wp-json\/wp\/v2\/comments?post=987"}],"version-history":[{"count":8,"href":"https:\/\/www.printweb.de\/digitaldruck\/wp-json\/wp\/v2\/posts\/987\/revisions"}],"predecessor-version":[{"id":6503,"href":"https:\/\/www.printweb.de\/digitaldruck\/wp-json\/wp\/v2\/posts\/987\/revisions\/6503"}],"wp:featuredmedia":[{"embeddable":true,"href":"https:\/\/www.printweb.de\/digitaldruck\/wp-json\/wp\/v2\/media\/988"}],"wp:attachment":[{"href":"https:\/\/www.printweb.de\/digitaldruck\/wp-json\/wp\/v2\/media?parent=987"}],"wp:term":[{"taxonomy":"category","embeddable":true,"href":"https:\/\/www.printweb.de\/digitaldruck\/wp-json\/wp\/v2\/categories?post=987"},{"taxonomy":"post_tag","embeddable":true,"href":"https:\/\/www.printweb.de\/digitaldruck\/wp-json\/wp\/v2\/tags?post=987"}],"curies":[{"name":"wp","href":"https:\/\/api.w.org\/{rel}","templated":true}]}}